{"id":100442,"date":"2017-11-29T03:19:57","date_gmt":"2017-11-29T02:19:57","guid":{"rendered":"http:\/\/gazdasagportal.hu\/?p=100442"},"modified":"2017-11-28T19:20:39","modified_gmt":"2017-11-28T18:20:39","slug":"meteorologiai-szolgalat-a-hegyekbe-erkezik-az-elso-komolyabb-hotakaro","status":"publish","type":"post","link":"https:\/\/gazdasagportal.hu\/index.php\/meteorologiai-szolgalat-a-hegyekbe-erkezik-az-elso-komolyabb-hotakaro\/","title":{"rendered":"Meteorol\u00f3giai szolg\u00e1lat: a hegyekbe \u00e9rkezik az els\u0151 komolyabb h\u00f3takar\u00f3"},"content":{"rendered":"<p><strong>A szerd\u00e1n kezd\u0151d\u0151 havaz\u00e1ssal a hegyekben m\u00e1r komolyabb h\u00f3takar\u00f3 is kialakulhat &#8211; k\u00f6z\u00f6lte az Orsz\u00e1gos Meteorol\u00f3giai Szolg\u00e1lat kedden a Facebook-oldal\u00e1n.<\/strong><!--more--><\/p>\n<div class=\"ads-in-post1\"><div id=\"gazdasagportal.hu_fullbanner_wideboard\"><\/div>\r\n<\/div>\n<p>    Azt \u00edrt\u00e1k: szerda nappalt\u00f3l cs\u00fct\u00f6rt\u00f6k k\u00e9s\u0151 estig az \u00c9szaki-k\u00f6z\u00e9phegys\u00e9gben ak\u00e1r 15-20 centim\u00e9ter h\u00f3 is eshet. Els\u0151sorban az \u00e9szakabbi t\u00e1jakon s\u00edkvid\u00e9ken &#8211; ak\u00e1r a f\u0151v\u00e1rosban &#8211; is is havazhat, de v\u00e1rhat\u00f3an nem marad meg a h\u00f3 &#8211; tett\u00e9k hozz\u00e1.<br \/>\n    Az el\u0151rejelz\u00e9s szerint m\u00e1r szerda hajnalt\u00f3l t\u00f6bbfel\u00e9 v\u00e1rhat\u00f3 csapad\u00e9k. D\u00e9lel\u0151tt a Dun\u00e1nt\u00fal \u00e9szaknyugati fel\u00e9n eshet, est\u00e9re a Tisz\u00e1nt\u00falt is el\u00e9ri a csapad\u00e9kz\u00f3na. Helyenk\u00e9nt meg\u00e9l\u00e9nk\u00fcl a sz\u00e9l is. A legalacsonyabb h\u0151m\u00e9rs\u00e9klet m\u00ednusz 5 \u00e9s plusz 2, a legmagasabb h\u0151m\u00e9rs\u00e9klet \u00e1ltal\u00e1ban 2-7 fok k\u00f6z\u00f6tt alakul.(MTI)<br \/>\n<div class=\"ads-in-post2\"><script async src=\"https:\/\/pagead2.googlesyndication.com\/pagead\/js\/adsbygoogle.js\"><\/script>\r\n<ins class=\"adsbygoogle\"\r\n     style=\"display:block\"\r\n     data-ad-format=\"fluid\"\r\n     data-ad-layout-key=\"-6t+ed+2i-1n-4w\"\r\n     data-ad-client=\"ca-pub-1959107119989764\"\r\n     data-ad-slot=\"4008251320\"><\/ins>\r\n<script>\r\n     (adsbygoogle = window.adsbygoogle || []).push({});\r\n<\/script><\/div>\n","protected":false},"excerpt":{"rendered":"<p>A szerd\u00e1n kezd\u0151d\u0151 havaz\u00e1ssal a hegyekben m\u00e1r komolyabb h\u00f3takar\u00f3 is kialakulhat &#8211; k\u00f6z\u00f6lte az Orsz\u00e1gos Meteorol\u00f3giai Szolg\u00e1lat kedden a Facebook-oldal\u00e1n.<\/p>\n","protected":false},"author":1,"featured_media":0,"comment_status":"closed","ping_status":"open","sticky":false,"template":"","format":"standard","meta":[],"categories":[4],"tags":[],"_links":{"self":[{"href":"https:\/\/gazdasagportal.hu\/index.php\/wp-json\/wp\/v2\/posts\/100442"}],"collection":[{"href":"https:\/\/gazdasagportal.hu\/index.php\/wp-json\/wp\/v2\/posts"}],"about":[{"href":"https:\/\/gazdasagportal.hu\/index.php\/wp-json\/wp\/v2\/types\/post"}],"author":[{"embeddable":true,"href":"https:\/\/gazdasagportal.hu\/index.php\/wp-json\/wp\/v2\/users\/1"}],"replies":[{"embeddable":true,"href":"https:\/\/gazdasagportal.hu\/index.php\/wp-json\/wp\/v2\/comments?post=100442"}],"version-history":[{"count":1,"href":"https:\/\/gazdasagportal.hu\/index.php\/wp-json\/wp\/v2\/posts\/100442\/revisions"}],"predecessor-version":[{"id":100443,"href":"https:\/\/gazdasagportal.hu\/index.php\/wp-json\/wp\/v2\/posts\/100442\/revisions\/100443"}],"wp:attachment":[{"href":"https:\/\/gazdasagportal.hu\/index.php\/wp-json\/wp\/v2\/media?parent=100442"}],"wp:term":[{"taxonomy":"category","embeddable":true,"href":"https:\/\/gazdasagportal.hu\/index.php\/wp-json\/wp\/v2\/categories?post=100442"},{"taxonomy":"post_tag","embeddable":true,"href":"https:\/\/gazdasagportal.hu\/index.php\/wp-json\/wp\/v2\/tags?post=100442"}],"curies":[{"name":"wp","href":"https:\/\/api.w.org\/{rel}","templated":true}]}}