{"id":100440,"date":"2017-11-29T04:44:17","date_gmt":"2017-11-29T03:44:17","guid":{"rendered":"http:\/\/gazdasagportal.hu\/?p=100440"},"modified":"2017-11-28T22:06:36","modified_gmt":"2017-11-28T21:06:36","slug":"visszaelesgyanus-telefonhivasokat-eszlelt-az-e-on","status":"publish","type":"post","link":"https:\/\/gazdasagportal.hu\/index.php\/visszaelesgyanus-telefonhivasokat-eszlelt-az-e-on\/","title":{"rendered":"Vissza\u00e9l\u00e9sgyan\u00fas telefonh\u00edv\u00e1sokat \u00e9szlelt az E.ON"},"content":{"rendered":"<p><strong>Vissza\u00e9l\u00e9sgyan\u00fas telefonh\u00edv\u00e1sokat \u00e9szlelt az E.ON a Tisz\u00e1nt\u00falon \u00e9s a Dun\u00e1nt\u00falon is: t\u00f6bb jelz\u00e9st kaptak arr\u00f3l, hogy magukat a v\u00e1llalat munkat\u00e1rs\u00e1nak kiad\u00f3 ismeretlenek +36\/60-as \u00e9s +36\/50-es kezdet\u0171 h\u00edv\u00f3sz\u00e1mokr\u00f3l &#8222;min\u0151s\u00edthetetlen hangnemben \u00e9s fenyeget\u0151 \u00fczenetekkel&#8221; keresik meg \u00fcgyfeleiket. Az \u00e1ramszolg\u00e1ltat\u00f3 fokozott \u00f3vatoss\u00e1gra int mindenkit.<\/strong><!--more--><\/p>\n<div class=\"ads-in-post1\"><div id=\"gazdasagportal.hu_fullbanner_wideboard\"><\/div>\r\n<\/div>\n<p>    Az E.ON Hung\u00e1ria Zrt. keddi, az MTI-hez eljuttatott k\u00f6zlem\u00e9ny\u00e9ben azt \u00edrta: az elm\u00falt napokban a c\u00e9g \u00fcgyf\u00e9lszolg\u00e1lat\u00e1n\u00e1l t\u00f6bb tisz\u00e1nt\u00fali \u00e9s dun\u00e1nt\u00fali panaszos felhaszn\u00e1l\u00f3 jelentkezett amiatt, hogy magukat az E.ON k\u00e9pviselet\u00e9ben elj\u00e1r\u00f3k\u00e9nt felt\u00fcntet\u0151 ismeretlenek telefonon, fenyeget\u0151z\u0151 hangnemben a z\u00e1r\u00f3pecs\u00e9t hi\u00e1ny\u00e1ra vagy szab\u00e1lytalan v\u00e9telez\u00e9sre hivatkozva k\u00f6tb\u00e9r-\u00e9rv\u00e9nyes\u00edt\u00e9st \u00e9s kikapcsol\u00e1st helyeztek kil\u00e1t\u00e1sba.<br \/>\n<div class=\"ads-in-post2\"><script async src=\"https:\/\/pagead2.googlesyndication.com\/pagead\/js\/adsbygoogle.js\"><\/script>\r\n<ins class=\"adsbygoogle\"\r\n     style=\"display:block\"\r\n     data-ad-format=\"fluid\"\r\n     data-ad-layout-key=\"-6t+ed+2i-1n-4w\"\r\n     data-ad-client=\"ca-pub-1959107119989764\"\r\n     data-ad-slot=\"4008251320\"><\/ins>\r\n<script>\r\n     (adsbygoogle = window.adsbygoogle || []).push({});\r\n<\/script><\/div>\n    A v\u00e1llalatcsoport azonnali vizsg\u00e1latot ind\u00edtott, ellen\u0151rz\u00e9s nyom\u00e1n meg\u00e1llap\u00edtott\u00e1k, hogy az adott felhaszn\u00e1l\u00f3kn\u00e1l nem volt szab\u00e1lytalan v\u00e9telez\u00e9s vagy folyamatban l\u00e9v\u0151 vizsg\u00e1lat, a megjel\u00f6lt felhaszn\u00e1l\u00e1si helyeket rendben tal\u00e1lt\u00e1k.<br \/>\n    Felh\u00edvt\u00e1k a figyelmet arra: nem az E.ON r\u00e9sz\u00e9r\u0151l \u00e9rkeznek a telefonos megkeres\u00e9sek a +36\/60-as \u00e9s +36\/50-es kezdet\u0171 sz\u00e1mokr\u00f3l. Fokozott \u00f3vatoss\u00e1gra intett\u00e9k a felhaszn\u00e1l\u00f3kat, hangs\u00falyozva, hogy ilyen h\u00edv\u00e1sok eset\u00e9n szem\u00e9lyes, valamint felhaszn\u00e1l\u00e1si hellyel kapcsolatos adataikat k\u00e9r\u00e9sre se adj\u00e1k meg.(MTI)<\/p>\n","protected":false},"excerpt":{"rendered":"<p>Vissza\u00e9l\u00e9sgyan\u00fas telefonh\u00edv\u00e1sokat \u00e9szlelt az E.ON a Tisz\u00e1nt\u00falon \u00e9s a Dun\u00e1nt\u00falon is: t\u00f6bb jelz\u00e9st kaptak arr\u00f3l, hogy magukat a v\u00e1llalat munkat\u00e1rs\u00e1nak kiad\u00f3 ismeretlenek +36\/60-as \u00e9s +36\/50-es kezdet\u0171 h\u00edv\u00f3sz\u00e1mokr\u00f3l &#8222;min\u0151s\u00edthetetlen hangnemben \u00e9s fenyeget\u0151 \u00fczenetekkel&#8221; keresik meg \u00fcgyfeleiket. Az \u00e1ramszolg\u00e1ltat\u00f3 fokozott \u00f3vatoss\u00e1gra int mindenkit.<\/p>\n","protected":false},"author":1,"featured_media":0,"comment_status":"closed","ping_status":"open","sticky":false,"template":"","format":"standard","meta":[],"categories":[4],"tags":[],"_links":{"self":[{"href":"https:\/\/gazdasagportal.hu\/index.php\/wp-json\/wp\/v2\/posts\/100440"}],"collection":[{"href":"https:\/\/gazdasagportal.hu\/index.php\/wp-json\/wp\/v2\/posts"}],"about":[{"href":"https:\/\/gazdasagportal.hu\/index.php\/wp-json\/wp\/v2\/types\/post"}],"author":[{"embeddable":true,"href":"https:\/\/gazdasagportal.hu\/index.php\/wp-json\/wp\/v2\/users\/1"}],"replies":[{"embeddable":true,"href":"https:\/\/gazdasagportal.hu\/index.php\/wp-json\/wp\/v2\/comments?post=100440"}],"version-history":[{"count":1,"href":"https:\/\/gazdasagportal.hu\/index.php\/wp-json\/wp\/v2\/posts\/100440\/revisions"}],"predecessor-version":[{"id":100441,"href":"https:\/\/gazdasagportal.hu\/index.php\/wp-json\/wp\/v2\/posts\/100440\/revisions\/100441"}],"wp:attachment":[{"href":"https:\/\/gazdasagportal.hu\/index.php\/wp-json\/wp\/v2\/media?parent=100440"}],"wp:term":[{"taxonomy":"category","embeddable":true,"href":"https:\/\/gazdasagportal.hu\/index.php\/wp-json\/wp\/v2\/categories?post=100440"},{"taxonomy":"post_tag","embeddable":true,"href":"https:\/\/gazdasagportal.hu\/index.php\/wp-json\/wp\/v2\/tags?post=100440"}],"curies":[{"name":"wp","href":"https:\/\/api.w.org\/{rel}","templated":true}]}}