{"id":100375,"date":"2017-11-27T11:06:35","date_gmt":"2017-11-27T10:06:35","guid":{"rendered":"http:\/\/gazdasagportal.hu\/?p=100375"},"modified":"2017-11-27T11:06:35","modified_gmt":"2017-11-27T10:06:35","slug":"kina-kke-csucs-kinai-kormanyfo-kolcsonosen-elonyos-kinanak-es-a-kelet-kozep-europai-orszagoknak-az-egyuttmukodes","status":"publish","type":"post","link":"https:\/\/gazdasagportal.hu\/index.php\/kina-kke-csucs-kinai-kormanyfo-kolcsonosen-elonyos-kinanak-es-a-kelet-kozep-europai-orszagoknak-az-egyuttmukodes\/","title":{"rendered":"K\u00edna-KKE-cs\u00facs &#8211; K\u00ednai korm\u00e1nyf\u0151: k\u00f6lcs\u00f6n\u00f6sen el\u0151ny\u00f6s K\u00edn\u00e1nak \u00e9s a kelet-k\u00f6z\u00e9p-eur\u00f3pai orsz\u00e1goknak az egy\u00fcttm\u0171k\u00f6d\u00e9s"},"content":{"rendered":"<p><strong>K\u00edna \u00e9s a kelet-k\u00f6z\u00e9p-eur\u00f3pai orsz\u00e1gok egy\u00fcttm\u0171k\u00f6d\u00e9se k\u00f6lcs\u00f6n\u00f6sen el\u0151ny\u00f6s minden orsz\u00e1gnak &#8211; mondta Li Ko-csiang k\u00ednai minisztereln\u00f6k a K\u00edna \u00e9s 16 kelet-k\u00f6z\u00e9p-eur\u00f3pai orsz\u00e1g gazdas\u00e1gi \u00e9s kereskedelmi f\u00f3rum\u00e1nak megnyit\u00f3j\u00e1n, h\u00e9tf\u0151n Budapesten.<\/strong><!--more--><\/p>\n<div class=\"ads-in-post1\"><div id=\"gazdasagportal.hu_fullbanner_wideboard\"><\/div>\r\n<\/div>\n<p>    A k\u00ednai korm\u00e1nyf\u0151 kiemelte: az elm\u00falt \u00e9vekben jelent\u0151sen er\u0151s\u00f6d\u00f6tt K\u00edna \u00e9s a kelet-k\u00f6z\u00e9p-eur\u00f3pai orsz\u00e1gok gazdas\u00e1gi egy\u00fcttm\u0171k\u00f6d\u00e9se, amellyel az eur\u00e1zsiai kontinens k\u00e9t oldal\u00e1t hozz\u00e1k \u00f6ssze.<br \/>\n    Kit\u00e9rt r\u00e1: orsz\u00e1ga nagy gazdas\u00e1gi lend\u00fcletben van, \u00e9vente rengeteg \u00faj c\u00e9g j\u00f6n l\u00e9tre, amelyek nagyon sok munkahelyet hoznak l\u00e9tre \u00e9s a hagyom\u00e1nyos \u00e1gazatokat is moderniz\u00e1lj\u00e1k.<br \/>\n    \u00dagy v\u00e9lte, racion\u00e1lis K\u00edna \u00e9s a kelet-k\u00f6z\u00e9p-eur\u00f3pai orsz\u00e1gok egy\u00fcttm\u0171k\u00f6d\u00e9se, mert \u00f6sszhangban \u00e1ll a globaliz\u00e1ci\u00f3 tendenci\u00e1ival, a kereskedelem \u00e9s a beruh\u00e1z\u00e1s el\u0151mozd\u00edt\u00e1s\u00e1nak sz\u00fcks\u00e9gess\u00e9g\u00e9vel. Ebben az egy\u00fcttm\u0171k\u00f6d\u00e9si  keretben az orsz\u00e1gok kieg\u00e9sz\u00edtik, er\u0151s\u00edtik egym\u00e1st, \u00faj utakat tal\u00e1lhatnak az \u00e9rv\u00e9nyes\u00fcl\u00e9sre a nemzetk\u00f6zi piacokon &#8211; k\u00f6z\u00f6lte. Hozz\u00e1tette: rem\u00e9lhet\u0151leg a k\u00ednai import ny\u00fajtotta lehet\u0151s\u00e9gekb\u0151l sok kelet-k\u00f6z\u00e9p-eur\u00f3pai c\u00e9g is r\u00e9szes\u00fclhet.<br \/>\n<div class=\"ads-in-post2\"><script async src=\"https:\/\/pagead2.googlesyndication.com\/pagead\/js\/adsbygoogle.js\"><\/script>\r\n<ins class=\"adsbygoogle\"\r\n     style=\"display:block\"\r\n     data-ad-format=\"fluid\"\r\n     data-ad-layout-key=\"-6t+ed+2i-1n-4w\"\r\n     data-ad-client=\"ca-pub-1959107119989764\"\r\n     data-ad-slot=\"4008251320\"><\/ins>\r\n<script>\r\n     (adsbygoogle = window.adsbygoogle || []).push({});\r\n<\/script><\/div>\n    Megjegyezte: a turizmus is jelent\u0151s fellend\u00fcl\u00e9sben van, minden \u00e9vben egyre t\u00f6bb k\u00ednai turista \u00e9rkezik a k\u00f6z\u00e9p-eur\u00f3pai r\u00e9gi\u00f3ba. A k\u00ednai minisztereln\u00f6k eml\u00e9keztetett: a mostani a hetedik ilyen \u00fczleti tal\u00e1lkoz\u00f3, \u00e9s hamarosan kezd\u0151dik a hatodik cs\u00facstal\u00e1lkoz\u00f3 az \u00e9rintett orsz\u00e1gok vezet\u0151i sz\u00e1m\u00e1ra. Az\u00e9rt rendeztek eddig eggyel t\u00f6bb \u00fczleti f\u00f3rumot, mert a f\u00f3rum \u00f6tlet\u00e9b\u0151l sz\u00fcletett a kezdem\u00e9nyez\u00e9s, hogy hasonl\u00f3 k\u00f6rben cs\u00facstal\u00e1lkoz\u00f3t is szervezzenek &#8211; mutatott r\u00e1.(MTI)<\/p>\n","protected":false},"excerpt":{"rendered":"<p>K\u00edna \u00e9s a kelet-k\u00f6z\u00e9p-eur\u00f3pai orsz\u00e1gok egy\u00fcttm\u0171k\u00f6d\u00e9se k\u00f6lcs\u00f6n\u00f6sen el\u0151ny\u00f6s minden orsz\u00e1gnak &#8211; mondta Li Ko-csiang k\u00ednai minisztereln\u00f6k a K\u00edna \u00e9s 16 kelet-k\u00f6z\u00e9p-eur\u00f3pai orsz\u00e1g gazdas\u00e1gi \u00e9s kereskedelmi f\u00f3rum\u00e1nak megnyit\u00f3j\u00e1n, h\u00e9tf\u0151n Budapesten.<\/p>\n","protected":false},"author":1,"featured_media":0,"comment_status":"closed","ping_status":"open","sticky":false,"template":"","format":"standard","meta":[],"categories":[19,246],"tags":[],"_links":{"self":[{"href":"https:\/\/gazdasagportal.hu\/index.php\/wp-json\/wp\/v2\/posts\/100375"}],"collection":[{"href":"https:\/\/gazdasagportal.hu\/index.php\/wp-json\/wp\/v2\/posts"}],"about":[{"href":"https:\/\/gazdasagportal.hu\/index.php\/wp-json\/wp\/v2\/types\/post"}],"author":[{"embeddable":true,"href":"https:\/\/gazdasagportal.hu\/index.php\/wp-json\/wp\/v2\/users\/1"}],"replies":[{"embeddable":true,"href":"https:\/\/gazdasagportal.hu\/index.php\/wp-json\/wp\/v2\/comments?post=100375"}],"version-history":[{"count":1,"href":"https:\/\/gazdasagportal.hu\/index.php\/wp-json\/wp\/v2\/posts\/100375\/revisions"}],"predecessor-version":[{"id":100376,"href":"https:\/\/gazdasagportal.hu\/index.php\/wp-json\/wp\/v2\/posts\/100375\/revisions\/100376"}],"wp:attachment":[{"href":"https:\/\/gazdasagportal.hu\/index.php\/wp-json\/wp\/v2\/media?parent=100375"}],"wp:term":[{"taxonomy":"category","embeddable":true,"href":"https:\/\/gazdasagportal.hu\/index.php\/wp-json\/wp\/v2\/categories?post=100375"},{"taxonomy":"post_tag","embeddable":true,"href":"https:\/\/gazdasagportal.hu\/index.php\/wp-json\/wp\/v2\/tags?post=100375"}],"curies":[{"name":"wp","href":"https:\/\/api.w.org\/{rel}","templated":true}]}}