{"id":100189,"date":"2017-11-21T10:54:35","date_gmt":"2017-11-21T09:54:35","guid":{"rendered":"http:\/\/gazdasagportal.hu\/?p=100189"},"modified":"2017-11-21T10:54:36","modified_gmt":"2017-11-21T09:54:36","slug":"trump-kampanytanacsadoja-tavaly-magas-rangu-magyar-tisztsegviselokkel-talalkozott-budapesten","status":"publish","type":"post","link":"https:\/\/gazdasagportal.hu\/index.php\/trump-kampanytanacsadoja-tavaly-magas-rangu-magyar-tisztsegviselokkel-talalkozott-budapesten\/","title":{"rendered":"Trump kamp\u00e1nytan\u00e1csad\u00f3ja tavaly magas rang\u00fa magyar tiszts\u00e9gvisel\u0151kkel tal\u00e1lkozott Budapesten"},"content":{"rendered":"<p><strong>Donald Trump amerikai eln\u00f6k egyik kamp\u00e1nytan\u00e1csad\u00f3ja, Carter Page tavaly Budapesten magas rang\u00fa magyar tiszts\u00e9gvisel\u0151kkel tal\u00e1lkozott &#8211; jelentette h\u00e9tf\u0151n az ABC amerikai t\u00e9v\u00e9csatorna. <\/strong><!--more--><\/p>\n<div class=\"ads-in-post1\"><div id=\"gazdasagportal.hu_fullbanner_wideboard\"><\/div>\r\n<\/div>\n<p>    Az ABC inform\u00e1ci\u00f3i szerint Page-et az akkor m\u00e9g csak republik\u00e1nus p\u00e1rti eln\u00f6kjel\u00f6lt Donald Trump kamp\u00e1nyst\u00e1bj\u00e1nak egyik alacsony szint\u0171, \u00f6nk\u00e9ntes tagjak\u00e9nt \u00edrj\u00e1k le, m\u00e9gis magas rang\u00fa magyar tiszts\u00e9gvisel\u0151kkel tal\u00e1lkozott a magyar f\u0151v\u00e1rosban.<br \/>\n    Megyesy Jen\u0151, Orb\u00e1n Viktor korm\u00e1nyf\u0151 amerikai \u00fcgyekkel foglalkoz\u00f3 k\u00fclpolitikai f\u0151tan\u00e1csad\u00f3ja mintegy 45 perces besz\u00e9lget\u00e9sre fogadta Page-et parlamenti irod\u00e1j\u00e1ban tavaly szeptemberben. Carter Page Donald Trump k\u00fclpolitikai tan\u00e1csad\u00f3 csapat\u00e1nak tagjak\u00e9nt mutatkozott be.<br \/>\n    Az ABC k\u00f6z\u00f6lte: Megyesy m\u00e9g p\u00e9nteken a telev\u00edzi\u00f3nak adott interj\u00faj\u00e1ban meger\u0151s\u00edtette, hogy tal\u00e1lkozott Page-dzsel, hozz\u00e1t\u00e9ve, hogy ez az akkori washingtoni magyar nagyk\u00f6vet, Szemerk\u00e9nyi R\u00e9ka k\u00e9r\u00e9s\u00e9re t\u00f6rt\u00e9nt. Az ABC id\u00e9zte Megyesy Jen\u0151t, aki elmondta: a tal\u00e1lkoz\u00f3 alatt jobb\u00e1ra \u0151 besz\u00e9lt, mert \u00fagy t\u0171nt, hogy Page nem nagyon j\u00e1ratos a t\u00e9rs\u00e9get \u00e9rint\u0151 k\u00e9rd\u00e9sekben. A besz\u00e9lget\u00e9s sor\u00e1n egy\u00e9bk\u00e9nt egy sor t\u00e9ma ker\u00fclt napirendre, k\u00f6zt\u00fck a megterhelt magyar-amerikai viszony is.<br \/>\n    Az ABC szerint Carter Page egy m\u00e1sik tal\u00e1lkoz\u00f3t is lebonyol\u00edtott: Szemerk\u00e9nyi R\u00e9ka akkori washingtoni magyar nagyk\u00f6vettel, aki akkor Budapesten tart\u00f3zkodott. A tan\u00e1csad\u00f3 \u00e9s a nagyk\u00f6vet kor\u00e1bban Clevelandben, a Republik\u00e1nus P\u00e1rt tavaly ny\u00e1ron tartott eln\u00f6kjel\u00f6l\u0151 konvenci\u00f3j\u00e1n tal\u00e1lkozott egym\u00e1ssal. Tavaly novemberben harmadszor is tal\u00e1lkoztak a washingtoni magyar nagyk\u00f6vets\u00e9gen. Szemerk\u00e9nyi R\u00e9ka \u00edr\u00e1sos k\u00f6zlem\u00e9nyt juttatott el az ABC szerkeszt\u0151s\u00e9g\u00e9be. A k\u00f6zlem\u00e9nyben azt \u00edrta, hogy &#8222;udvariass\u00e1gi tal\u00e1lkoz\u00f3&#8221; volt \u00e9s &#8222;csup\u00e1n \u00e1ltal\u00e1nos k\u00fclpolitikai t\u00e9m\u00e1kat vitattak meg&#8221;.<br \/>\n<div class=\"ads-in-post2\"><script async src=\"https:\/\/pagead2.googlesyndication.com\/pagead\/js\/adsbygoogle.js\"><\/script>\r\n<ins class=\"adsbygoogle\"\r\n     style=\"display:block\"\r\n     data-ad-format=\"fluid\"\r\n     data-ad-layout-key=\"-6t+ed+2i-1n-4w\"\r\n     data-ad-client=\"ca-pub-1959107119989764\"\r\n     data-ad-slot=\"4008251320\"><\/ins>\r\n<script>\r\n     (adsbygoogle = window.adsbygoogle || []).push({});\r\n<\/script><\/div>\n    Szemerk\u00e9nyit id\u00e9n lev\u00e1ltott\u00e1k a nagyk\u00f6veti posztr\u00f3l, \u00e9s nem sokkal k\u00e9s\u0151bb a washingtoni Eur\u00f3pai Politikai Elemz\u00e9sek K\u00f6zpontja (CEPA) nev\u0171 kutat\u00f3int\u00e9zet aleln\u00f6ke lett.<br \/>\n    Carter Page budapesti \u00fatj\u00e1ra a k\u00e9pvisel\u0151h\u00e1z h\u00edrszerz\u00e9si bizotts\u00e1ga figyelt fel. Ez az egyik bizotts\u00e1g, amely a tavalyi v\u00e1laszt\u00e1si kamp\u00e1ny idej\u00e9n a Trump-kamp\u00e1ny \u00e9s Oroszorsz\u00e1g k\u00f6z\u00f6tti esetleges \u00f6sszej\u00e1tsz\u00e1st vizsg\u00e1lja. Az ABC azt \u00e1ll\u00edtja: Magyarorsz\u00e1g \u00e9s Oroszorsz\u00e1g k\u00f6z\u00f6tt egyre szorosabb a kapcsolat \u00e9s az orsz\u00e1g az orosz h\u00edrszerz\u00e9s egyik kulcsfontoss\u00e1g\u00fa helye.<br \/>\n    November elej\u00e9n a h\u00edrszerz\u00e9si bizotts\u00e1g z\u00e1rt ajt\u00f3k m\u00f6g\u00f6tt egyszer m\u00e1r meghallgatta Carter Page-et, de a volt tan\u00e1csad\u00f3 akkor azt mondta: hom\u00e1lyos eml\u00e9kei vannak az \u00fatr\u00f3l, tal\u00e1lkozott ugyan magyar tiszts\u00e9gvisel\u0151vel, de nem eml\u00e9kszik r\u00e1, hogy kivel. Adam Schiff kaliforniai demokrata p\u00e1rti k\u00e9pvisel\u0151 akkor arr\u00f3l is faggatta az egykori tan\u00e1csad\u00f3t, hogy budapesti l\u00e1togat\u00e1sa alkalm\u00e1val tal\u00e1lkozott-e oroszokkal, de Page erre sem eml\u00e9kezett.     Megyesy Jen\u0151 egy\u00e9rtelm\u0171en kiz\u00e1rta, hogy megbesz\u00e9l\u00e9s\u00fck\u00f6n jelen lett volna harmadik szem\u00e9ly is.<br \/>\n(MTI)<\/p>\n","protected":false},"excerpt":{"rendered":"<p>Donald Trump amerikai eln\u00f6k egyik kamp\u00e1nytan\u00e1csad\u00f3ja, Carter Page tavaly Budapesten magas rang\u00fa magyar tiszts\u00e9gvisel\u0151kkel tal\u00e1lkozott &#8211; jelentette h\u00e9tf\u0151n az ABC amerikai t\u00e9v\u00e9csatorna.<\/p>\n","protected":false},"author":1,"featured_media":0,"comment_status":"closed","ping_status":"open","sticky":false,"template":"","format":"standard","meta":[],"categories":[4],"tags":[],"_links":{"self":[{"href":"https:\/\/gazdasagportal.hu\/index.php\/wp-json\/wp\/v2\/posts\/100189"}],"collection":[{"href":"https:\/\/gazdasagportal.hu\/index.php\/wp-json\/wp\/v2\/posts"}],"about":[{"href":"https:\/\/gazdasagportal.hu\/index.php\/wp-json\/wp\/v2\/types\/post"}],"author":[{"embeddable":true,"href":"https:\/\/gazdasagportal.hu\/index.php\/wp-json\/wp\/v2\/users\/1"}],"replies":[{"embeddable":true,"href":"https:\/\/gazdasagportal.hu\/index.php\/wp-json\/wp\/v2\/comments?post=100189"}],"version-history":[{"count":1,"href":"https:\/\/gazdasagportal.hu\/index.php\/wp-json\/wp\/v2\/posts\/100189\/revisions"}],"predecessor-version":[{"id":100190,"href":"https:\/\/gazdasagportal.hu\/index.php\/wp-json\/wp\/v2\/posts\/100189\/revisions\/100190"}],"wp:attachment":[{"href":"https:\/\/gazdasagportal.hu\/index.php\/wp-json\/wp\/v2\/media?parent=100189"}],"wp:term":[{"taxonomy":"category","embeddable":true,"href":"https:\/\/gazdasagportal.hu\/index.php\/wp-json\/wp\/v2\/categories?post=100189"},{"taxonomy":"post_tag","embeddable":true,"href":"https:\/\/gazdasagportal.hu\/index.php\/wp-json\/wp\/v2\/tags?post=100189"}],"curies":[{"name":"wp","href":"https:\/\/api.w.org\/{rel}","templated":true}]}}