{"id":100152,"date":"2017-11-20T14:00:38","date_gmt":"2017-11-20T13:00:38","guid":{"rendered":"http:\/\/gazdasagportal.hu\/?p=100152"},"modified":"2017-11-20T14:00:38","modified_gmt":"2017-11-20T13:00:38","slug":"varga-mihaly-tizeves-program-indult-a-szakkepzesi-intezmenyek-felujitasara","status":"publish","type":"post","link":"https:\/\/gazdasagportal.hu\/index.php\/varga-mihaly-tizeves-program-indult-a-szakkepzesi-intezmenyek-felujitasara\/","title":{"rendered":"Varga Mih\u00e1ly: t\u00edz\u00e9ves program indult a szakk\u00e9pz\u00e9si int\u00e9zm\u00e9nyek fel\u00faj\u00edt\u00e1s\u00e1ra"},"content":{"rendered":"<p><strong>T\u00edz\u00e9ves int\u00e9zm\u00e9nyfejleszt\u00e9si programot ind\u00edtott az iskol\u00e1k fel\u00faj\u00edt\u00e1s\u00e1ra a korm\u00e1ny id\u00e9n, miut\u00e1n a min\u0151s\u00e9gi szakk\u00e9pz\u00e9s amellett, hogy felk\u00e9sz\u00edti a tanul\u00f3kat arra, hogy a felgyorsul\u00f3 vil\u00e1gban is meg\u00e1llj\u00e1k a hely\u00fcket, azt is jelenti, hogy a huszonegyedik sz\u00e1zadhoz ill\u0151 k\u00f6rnyezetben tanulhassanak &#8211; mondta Varga Mih\u00e1ly nemzetgazdas\u00e1gi miniszter h\u00e9tf\u0151n a Raoul Wallenberg Szakgimn\u00e1zium \u00e9s Szakk\u00f6z\u00e9piskola \u00faj \u00e9p\u00fclet\u00e9nek \u00e1tad\u00f3 \u00fcnneps\u00e9g\u00e9n. <\/strong><!--more--><\/p>\n<div class=\"ads-in-post1\"><div id=\"gazdasagportal.hu_fullbanner_wideboard\"><\/div>\r\n<\/div>\n<p>    A szakk\u00e9pz\u0151 int\u00e9zm\u00e9nyek \u00e1llagmeg\u00f3v\u00e1s\u00e1ra 10 milli\u00e1rd forintot k\u00fcl\u00f6n\u00edtett el a korm\u00e1ny, tette hozz\u00e1.<br \/>\n    A fel\u00faj\u00edt\u00e1si programmal Magyarorsz\u00e1g Portug\u00e1lia p\u00e9ld\u00e1j\u00e1t k\u00f6veti, ahol az \u00f6sszes szakk\u00e9pz\u00e9si int\u00e9zm\u00e9ny \u00e1llagmeg\u00faj\u00edt\u00e1sa megt\u00f6rt\u00e9nt &#8211; hangs\u00falyozta a miniszter.<br \/>\n    Varga Mih\u00e1ly a j\u00f6v\u0151 szempontj\u00e1b\u00f3l fontosnak nevezte a szakk\u00e9pz\u00e9si rendszer fejleszt\u00e9s\u00e9t. Azt mondta, a magyar gazdas\u00e1g j\u00f3 eredm\u00e9nyeit csak akkor lehet megtartani, &#8222;ha folyamatosan alkalmazkodunk a gazdas\u00e1g ig\u00e9nyeihez, \u00e9s \u00fajrateremtj\u00fck azt a hum\u00e1n t\u0151k\u00e9t, amily itt v\u00e9gzi a munk\u00e1j\u00e1t&#8221;.<br \/>\n    A korm\u00e1ny c\u00e9lja b\u0151v\u00edteni a szakk\u00e9pz\u00e9st v\u00e1laszt\u00f3k lehet\u0151s\u00e9geit, dinamiz\u00e1lni \u00e9s rugalmasabb\u00e1 tenni a rendszert, megteremteni a digit\u00e1lis kompetencia fejleszt\u00e9s felt\u00e9teleit &#8211; jegyezte meg a t\u00e1rcavezet\u0151.<br \/>\n    Varga Mih\u00e1ly az \u00fcnneps\u00e9gen azt is bejelentette, hogy megkezd\u0151d\u00f6tt Magyarorsz\u00e1gon a szakk\u00e9pz\u00e9s hete, amelynek keret\u00e9ben k\u00fcl\u00f6nf\u00e9le szakm\u00e1kkal ismerkedhetnek meg az \u00e9rdekl\u0151d\u0151k.<br \/>\n<div class=\"ads-in-post2\"><script async src=\"https:\/\/pagead2.googlesyndication.com\/pagead\/js\/adsbygoogle.js\"><\/script>\r\n<ins class=\"adsbygoogle\"\r\n     style=\"display:block\"\r\n     data-ad-format=\"fluid\"\r\n     data-ad-layout-key=\"-6t+ed+2i-1n-4w\"\r\n     data-ad-client=\"ca-pub-1959107119989764\"\r\n     data-ad-slot=\"4008251320\"><\/ins>\r\n<script>\r\n     (adsbygoogle = window.adsbygoogle || []).push({});\r\n<\/script><\/div>\n    Ma m\u00e1r az orsz\u00e1g lehet\u0151s\u00e9get biztos\u00edt a munk\u00e1ra mindenkinek, aki dolgozni k\u00edv\u00e1n, ehhez azonban sz\u00fcks\u00e9g volt az elm\u00falt \u00e9vek int\u00e9zked\u00e9seire, amelyeknek k\u00f6sz\u00f6nhet\u0151en Magyarorsz\u00e1g az uni\u00f3 egyik leggyorsabban fejl\u0151d\u0151 orsz\u00e1ga lett, ahol cs\u00f6kkent az \u00e1llamad\u00f3ss\u00e1g, a munkan\u00e9lk\u00fclis\u00e9g pedig 12 sz\u00e1zal\u00e9kr\u00f3l 4 sz\u00e1zal\u00e9kra esett &#8211; fejtette ki Varga Mih\u00e1ly.<br \/>\n    &#8222;Mindez megadja a lehet\u0151s\u00e9get arra, hogy eredm\u00e9nyesebben tudjuk finansz\u00edrozni a nyugd\u00edjell\u00e1t\u00e1st, az eg\u00e9szs\u00e9g\u00fcgyet, az oktat\u00e1st, a k\u00f6zbiztons\u00e1got \u00e9s az orsz\u00e1g v\u00e9delm\u00e9t&#8221; &#8211; tette hozz\u00e1.<br \/>\n    Hassay Zs\u00f3fia VI. ker\u00fcleti polg\u00e1rmester az \u00e1tad\u00f3n \u00fagy fogalmazott, hogy t\u00edz \u00e9v ut\u00e1n v\u00e9gre \u00fajra \u00e9let van az Alp\u00e1r Ign\u00e1c \u00e1ltal tervezett \u00e9p\u00fcletben. A neves m\u0171\u00e9p\u00edt\u00e9sz munk\u00e1i k\u00f6z\u00fcl megeml\u00edtette a T\u0151zsdepalot\u00e1t \u00e9s a v\u00e1rosligeti Vajdahunyad v\u00e1r\u00e1t.<br \/>\n    Elmond\u00e1sa szerint Ter\u00e9zv\u00e1rosban 3500 kereskedelmi egys\u00e9g \u00e9s 900 vend\u00e9gl\u00e1t\u00f3 hely m\u0171k\u00f6dik, a vend\u00e9gl\u00e1t\u00e1ssal \u00e9s hum\u00e1n szolg\u00e1ltat\u00e1ssal foglalkoz\u00f3 szakiskola teh\u00e1t &#8222;a legjobb helyre ker\u00fclt&#8221;.(MTI)<\/p>\n","protected":false},"excerpt":{"rendered":"<p>T\u00edz\u00e9ves int\u00e9zm\u00e9nyfejleszt\u00e9si programot ind\u00edtott az iskol\u00e1k fel\u00faj\u00edt\u00e1s\u00e1ra a korm\u00e1ny id\u00e9n, miut\u00e1n a min\u0151s\u00e9gi szakk\u00e9pz\u00e9s amellett, hogy felk\u00e9sz\u00edti a tanul\u00f3kat arra, hogy a felgyorsul\u00f3 vil\u00e1gban is meg\u00e1llj\u00e1k a hely\u00fcket, azt is jelenti, hogy a huszonegyedik sz\u00e1zadhoz ill\u0151 k\u00f6rnyezetben tanulhassanak &#8211; mondta Varga Mih\u00e1ly nemzetgazdas\u00e1gi miniszter h\u00e9tf\u0151n a Raoul Wallenberg Szakgimn\u00e1zium \u00e9s Szakk\u00f6z\u00e9piskola \u00faj \u00e9p\u00fclet\u00e9nek \u00e1tad\u00f3 \u00fcnneps\u00e9g\u00e9n.<\/p>\n","protected":false},"author":1,"featured_media":0,"comment_status":"closed","ping_status":"open","sticky":false,"template":"","format":"standard","meta":[],"categories":[19],"tags":[],"_links":{"self":[{"href":"https:\/\/gazdasagportal.hu\/index.php\/wp-json\/wp\/v2\/posts\/100152"}],"collection":[{"href":"https:\/\/gazdasagportal.hu\/index.php\/wp-json\/wp\/v2\/posts"}],"about":[{"href":"https:\/\/gazdasagportal.hu\/index.php\/wp-json\/wp\/v2\/types\/post"}],"author":[{"embeddable":true,"href":"https:\/\/gazdasagportal.hu\/index.php\/wp-json\/wp\/v2\/users\/1"}],"replies":[{"embeddable":true,"href":"https:\/\/gazdasagportal.hu\/index.php\/wp-json\/wp\/v2\/comments?post=100152"}],"version-history":[{"count":1,"href":"https:\/\/gazdasagportal.hu\/index.php\/wp-json\/wp\/v2\/posts\/100152\/revisions"}],"predecessor-version":[{"id":100153,"href":"https:\/\/gazdasagportal.hu\/index.php\/wp-json\/wp\/v2\/posts\/100152\/revisions\/100153"}],"wp:attachment":[{"href":"https:\/\/gazdasagportal.hu\/index.php\/wp-json\/wp\/v2\/media?parent=100152"}],"wp:term":[{"taxonomy":"category","embeddable":true,"href":"https:\/\/gazdasagportal.hu\/index.php\/wp-json\/wp\/v2\/categories?post=100152"},{"taxonomy":"post_tag","embeddable":true,"href":"https:\/\/gazdasagportal.hu\/index.php\/wp-json\/wp\/v2\/tags?post=100152"}],"curies":[{"name":"wp","href":"https:\/\/api.w.org\/{rel}","templated":true}]}}