{"id":100146,"date":"2017-11-20T11:57:41","date_gmt":"2017-11-20T10:57:41","guid":{"rendered":"http:\/\/gazdasagportal.hu\/?p=100146"},"modified":"2017-11-20T11:57:41","modified_gmt":"2017-11-20T10:57:41","slug":"terjednek-az-elektromos-autok-de-ez-meg-nem-eleg-a-benzinar-csokkenesehez","status":"publish","type":"post","link":"https:\/\/gazdasagportal.hu\/index.php\/terjednek-az-elektromos-autok-de-ez-meg-nem-eleg-a-benzinar-csokkenesehez\/","title":{"rendered":"Terjednek az elektromos aut\u00f3k, de ez m\u00e9g nem el\u00e9g a benzin\u00e1r cs\u00f6kken\u00e9s\u00e9hez"},"content":{"rendered":"<p><strong>Sokan v\u00e1rj\u00e1k az elektromos aut\u00f3k terjed\u00e9s\u00e9t\u0151l, hogy hat\u00e1ssal lesz a benzin\u00e1rra. Egyel\u0151re nem t\u00f6rt\u00e9nt m\u00e9g meg a v\u00e1rt cs\u00f6kken\u00e9s, de Papp Tibor, a Totalcar f\u0151szerkeszt\u0151je szerint ennek \u00e9pp a ford\u00edtottja a val\u00f3sz\u00edn\u0171bb: a benzin\u00e1r lesz a meghat\u00e1roz\u00f3ja az elektromos aut\u00f3k siker\u00e9nek.<\/strong><!--more--><\/p>\n<div class=\"ads-in-post1\"><div id=\"gazdasagportal.hu_fullbanner_wideboard\"><\/div>\r\n<\/div>\n<p>Az elektromos aut\u00f3k elterjed\u00e9se nem robban\u00e1sszer\u0171 folyamat egyel\u0151re: Eur\u00f3p\u00e1ban is csak egy sz\u00e1zal\u00e9kos nagys\u00e1grendben adnak el azok, akik sokat adnak el, mondta el Papp Tibpr, a Totalcar f\u0151szerkeszt\u0151je. Egyel\u0151re a villanyaut\u00f3z\u00e1s technik\u00e1ja nem tart ott, hogy kiv\u00e1ltsa a hagyom\u00e1nyos bels\u0151\u00e9g\u00e9s\u0171 motoros aut\u00f3kat. A mostani folyamatokat alapulv\u00e9ve nagyon lass\u00fa \u00e1t\u00e1ll\u00e1sra lehet sz\u00e1m\u00edtani, amelyet legink\u00e1bb a t\u00e1mogat\u00e1sok hajtanak, nem pedig a val\u00f3s piaci t\u00e9nyez\u0151k.<\/p>\n<div class=\"ads-in-post2\"><script async src=\"https:\/\/pagead2.googlesyndication.com\/pagead\/js\/adsbygoogle.js\"><\/script>\r\n<ins class=\"adsbygoogle\"\r\n     style=\"display:block\"\r\n     data-ad-format=\"fluid\"\r\n     data-ad-layout-key=\"-6t+ed+2i-1n-4w\"\r\n     data-ad-client=\"ca-pub-1959107119989764\"\r\n     data-ad-slot=\"4008251320\"><\/ins>\r\n<script>\r\n     (adsbygoogle = window.adsbygoogle || []).push({});\r\n<\/script><\/div>\nEnnek egyik oka a t\u00e1rsadalmi \u00f6sszetev\u0151kben keresend\u0151k, hiszen sokkal kevesebb munkaer\u0151re van sz\u00fcks\u00e9g a villanyaut\u00f3 gy\u00e1rt\u00e1shoz. Ezenk\u00edv\u00fcl a meg\u00fajul\u00f3 energiaforr\u00e1sok terjed\u0151ben vannak, ennek hat\u00e1s\u00e1ra a k\u0151olaj \u00e1ra nem tud elsz\u00e1llni, \u00edgy egyel\u0151re nincs igaz\u00e1n mi\u00e9rt v\u00e1ltani a dr\u00e1g\u00e1bb villanyaut\u00f3kra.<\/p>\n<p>Ez a folyamat viszont megfordulhat bizonyos politikai esem\u00e9nyek hat\u00e1s\u00e1ra vagy a kitermel\u00e9s cs\u00f6kken\u00e9s\u00e9nek hat\u00e1s\u00e1ra. Ez pedig nagyon j\u00f3 lehet\u0151s\u00e9get jelenthet az elektromos aut\u00f3k elterjed\u00e9s\u00e9re.<\/p><div id=\"gazda-3020814167\" class=\"gazda-tartalomban gazda-entity-placement\"><script async src=\"https:\/\/pagead2.googlesyndication.com\/pagead\/js\/adsbygoogle.js\"><\/script>\r\n<ins class=\"adsbygoogle\"\r\n     style=\"display:block\"\r\n     data-ad-format=\"fluid\"\r\n     data-ad-layout-key=\"-6t+ed+2i-1n-4w\"\r\n     data-ad-client=\"ca-pub-1959107119989764\"\r\n     data-ad-slot=\"4008251320\"><\/ins>\r\n<script>\r\n     (adsbygoogle = window.adsbygoogle || []).push({});\r\n<\/script><\/div>\n<p><iframe loading=\"lazy\" width=\"509\" height=\"319\" src=\"http:\/\/gazdasagtv.hu\/iframe.php?id=11426\" style=\"border: none; overflow: hidden\" scrolling=\"no\"><\/iframe><br \/>Forr\u00e1s: <a href=\"http:\/\/gazdasagtv.hu\" style=\"color: #df1100; font-weight: bold; text-decoration: none;\" target=\"_blank\" rel=\"noopener\">Gazdas\u00e1gTV.hu<\/a><\/p>\n","protected":false},"excerpt":{"rendered":"<p>Sokan v\u00e1rj\u00e1k az elektromos aut\u00f3k terjed\u00e9s\u00e9t\u0151l, hogy hat\u00e1ssal lesz a benzin\u00e1rra. Egyel\u0151re nem t\u00f6rt\u00e9nt m\u00e9g meg a v\u00e1rt cs\u00f6kken\u00e9s, de Papp Tibor, a Totalcar f\u0151szerkeszt\u0151je szerint ennek \u00e9pp a ford\u00edtottja a val\u00f3sz\u00edn\u0171bb: a benzin\u00e1r lesz a meghat\u00e1roz\u00f3ja az elektromos aut\u00f3k siker\u00e9nek.<\/p>\n","protected":false},"author":1,"featured_media":68353,"comment_status":"closed","ping_status":"open","sticky":false,"template":"","format":"standard","meta":[],"categories":[146,19,246],"tags":[],"_links":{"self":[{"href":"https:\/\/gazdasagportal.hu\/index.php\/wp-json\/wp\/v2\/posts\/100146"}],"collection":[{"href":"https:\/\/gazdasagportal.hu\/index.php\/wp-json\/wp\/v2\/posts"}],"about":[{"href":"https:\/\/gazdasagportal.hu\/index.php\/wp-json\/wp\/v2\/types\/post"}],"author":[{"embeddable":true,"href":"https:\/\/gazdasagportal.hu\/index.php\/wp-json\/wp\/v2\/users\/1"}],"replies":[{"embeddable":true,"href":"https:\/\/gazdasagportal.hu\/index.php\/wp-json\/wp\/v2\/comments?post=100146"}],"version-history":[{"count":1,"href":"https:\/\/gazdasagportal.hu\/index.php\/wp-json\/wp\/v2\/posts\/100146\/revisions"}],"predecessor-version":[{"id":100147,"href":"https:\/\/gazdasagportal.hu\/index.php\/wp-json\/wp\/v2\/posts\/100146\/revisions\/100147"}],"wp:featuredmedia":[{"embeddable":true,"href":"https:\/\/gazdasagportal.hu\/index.php\/wp-json\/wp\/v2\/media\/68353"}],"wp:attachment":[{"href":"https:\/\/gazdasagportal.hu\/index.php\/wp-json\/wp\/v2\/media?parent=100146"}],"wp:term":[{"taxonomy":"category","embeddable":true,"href":"https:\/\/gazdasagportal.hu\/index.php\/wp-json\/wp\/v2\/categories?post=100146"},{"taxonomy":"post_tag","embeddable":true,"href":"https:\/\/gazdasagportal.hu\/index.php\/wp-json\/wp\/v2\/tags?post=100146"}],"curies":[{"name":"wp","href":"https:\/\/api.w.org\/{rel}","templated":true}]}}