{"id":100140,"date":"2017-11-20T10:23:23","date_gmt":"2017-11-20T09:23:23","guid":{"rendered":"http:\/\/gazdasagportal.hu\/?p=100140"},"modified":"2017-11-20T10:23:23","modified_gmt":"2017-11-20T09:23:23","slug":"igy-latjak-a-szakemberek-a-majustol-eletbe-lepo-uj-eu-s-adatvedelmi-szabalyozast","status":"publish","type":"post","link":"https:\/\/gazdasagportal.hu\/index.php\/igy-latjak-a-szakemberek-a-majustol-eletbe-lepo-uj-eu-s-adatvedelmi-szabalyozast\/","title":{"rendered":"\u00cdgy l\u00e1tj\u00e1k a szakemberek a m\u00e1just\u00f3l \u00e9letbe l\u00e9p\u0151 \u00faj EU-s adatv\u00e9delmi szab\u00e1lyoz\u00e1st"},"content":{"rendered":"<p><strong>F\u00e9l \u00e9v m\u00falva itt az Eur\u00f3pai Uni\u00f3 \u00faj adatv\u00e9delmi rendelete, a GDPR, amelynek c\u00e9lja, hogy az egyes tag\u00e1llamokban egys\u00e9ges\u00edtse az adatv\u00e9delmi el\u0151\u00edr\u00e1sokat. Az \u00faj szab\u00e1lyoz\u00e1s egyik l\u00e9nyeges eleme, hogy nagyobb betekint\u00e9st biztos\u00edt a mag\u00e1nembereknek abba, hogy megfelel\u0151en b\u00e1nnak-e az adataikkal, \u00edgy p\u00e9ld\u00e1ul, hogy milyen jogalapon t\u00e1rolja \u00e9s haszn\u00e1lja fel egy v\u00e1llalkoz\u00e1s azokat. A c\u00e9geknek ezzel p\u00e1rhuzamosan fel kell k\u00e9sz\u00fclni\u00fck mind az elektronikusan t\u00e1rolt, mind pedig a pap\u00edralap\u00fa adatok \u00e1tl\u00e1that\u00f3 kezel\u00e9s\u00e9re, megfelel\u0151 t\u00e1rol\u00e1s\u00e1ra \u00e9s igazolniuk kell, hogy ezek birtokl\u00e1s\u00e1ra, kezel\u00e9s\u00e9re megfelel\u0151 jogalapon ker\u00fcl sor. Ha pedig ez m\u00e1r nem \u00e1ll fenn, p\u00e9ld\u00e1ul mert a t\u00e1rol\u00e1sra m\u00e1r nincs sz\u00fcks\u00e9g, akkor gondoskodniuk kell a szakszer\u0171 megsemmis\u00edt\u00e9s\u00fckr\u0151l. \u201eAki tegnap nem kezdte el a felk\u00e9sz\u00fcl\u00e9st, kezdje el ma!\u201d \u2013 hangzott el j\u00f3 tan\u00e1csk\u00e9nt egy szakmai kerekasztal-besz\u00e9lget\u00e9sen. <\/strong><!--more--><\/p>\n<div class=\"ads-in-post1\"><div id=\"gazdasagportal.hu_fullbanner_wideboard\"><\/div>\r\n<\/div>\n<p>Az \u00faj rendelet 2018. m\u00e1jus 25-\u00e9t\u0151l lesz alkalmazand\u00f3, az eredetileg k\u00e9t\u00e9ves felk\u00e9sz\u00fcl\u00e9si id\u0151b\u0151l m\u00e1r csak f\u00e9l \u00e9v van h\u00e1tra, \u00fagyhogy az a v\u00e1llalkoz\u00e1s, ami m\u00e9g nem kezdett el ezzel foglalkozni, az az utols\u00f3 pillanatban van. Minden c\u00e9get \u00e9rint, ami szem\u00e9lyes vagy bizalmas adatokat kezel, a csal\u00e1di vagy kis-\u00e9s k\u00f6z\u00e9pv\u00e1llalkoz\u00e1sokt\u00f3l kezdve a multinacion\u00e1lis nagyv\u00e1llalatokig. A GDPR hat\u00e1lya ugyanakkor nem c\u00e9gekre, hanem m\u00e1s szem\u00e9lyekre is kiterjed, \u00edgy \u00e9rintettek p\u00e9ld\u00e1ul a t\u00e1rsadalmi szervezetek \u00e9s a k\u00f6zszf\u00e9ra is. Mindenk\u00e9ppen \u00e9rdemes lesz id\u0151ben felk\u00e9sz\u00fclni a v\u00e1ltoz\u00e1sokra, betartani a megfelel\u0151 adatkezel\u00e9si szab\u00e1lyokat, hiszen j\u00f6v\u0151 m\u00e1jus ut\u00e1n komoly szankci\u00f3k v\u00e1rhat\u00f3k.<\/p>\n<p>Ugyanakkor a szak\u00e9rt\u0151k nem akarnak riogatni, hiszen sz\u00e1mos, lehets\u00e9ges pozit\u00edv hat\u00e1s\u00e1t is kiemelt\u00e9k az egys\u00e9gesed\u0151 EU-s szab\u00e1lyoz\u00e1snak. Mindannyian azt hangs\u00falyozt\u00e1k, hogy a GDPR nem \u00e9rheti der\u00fclt \u00e9gb\u0151l vill\u00e1mcsap\u00e1sk\u00e9nt a c\u00e9geket, hiszen eddig is l\u00e9tezett Magyarorsz\u00e1gon adatv\u00e9delmi szab\u00e1lyoz\u00e1s, az Infot\u00f6rv\u00e9ny (az inform\u00e1ci\u00f3s \u00f6nrendelkez\u00e9si jogr\u00f3l \u00e9s az inform\u00e1ci\u00f3szabads\u00e1gr\u00f3l sz\u00f3l\u00f3 2011. \u00e9vi CXII. t\u00f6rv\u00e9ny). Ezt v\u00e1ltja fel j\u00f6v\u0151 m\u00e1jusban a GDPR, aminek t\u00f6bb pozit\u00edv hozad\u00e9ka is van: az \u00faj szab\u00e1lyok sz\u00e1mos k\u00e9rd\u00e9sben megenged\u0151bbek, illetve nagyobb rugalmass\u00e1got biztos\u00edtanak a v\u00e1llalkoz\u00e1soknak, mint az eddig \u00e9rv\u00e9nyben l\u00e9v\u0151k. A szakemberek a legnagyobb probl\u00e9m\u00e1nak ink\u00e1bb azt tartj\u00e1k, hogy a jelenlegi adatv\u00e9delmi el\u0151\u00edr\u00e1soknak sem tettek marad\u00e9ktalanul eleget a c\u00e9gek, mik\u00f6zben a GDPR alapelveinek \u00e9s elv\u00e1r\u00e1sainak nagy r\u00e9sze a mostani szab\u00e1lyoz\u00e1snak is r\u00e9sze.<br \/>\n<div class=\"ads-in-post2\"><script async src=\"https:\/\/pagead2.googlesyndication.com\/pagead\/js\/adsbygoogle.js\"><\/script>\r\n<ins class=\"adsbygoogle\"\r\n     style=\"display:block\"\r\n     data-ad-format=\"fluid\"\r\n     data-ad-layout-key=\"-6t+ed+2i-1n-4w\"\r\n     data-ad-client=\"ca-pub-1959107119989764\"\r\n     data-ad-slot=\"4008251320\"><\/ins>\r\n<script>\r\n     (adsbygoogle = window.adsbygoogle || []).push({});\r\n<\/script><\/div>\n<p><em>&#8222;T\u00f6bb \u00e9ve foglalkozunk adatv\u00e9delemmel \u00e9s az elm\u00falt \u00e9vek kutat\u00e1saib\u00f3l az der\u00fclt ki, hogy a legt\u00f6bb v\u00e1llalat m\u00e9g mindig nem ford\u00edt kell\u0151 id\u0151t \u00e9s energi\u00e1t az adatkezel\u00e9sre, holott a c\u00e9gek 91 %-n\u00e1l nap mint nap keletkeznek bizalmas inform\u00e1ci\u00f3kat tartalmaz\u00f3 dokumentumok. T\u00f6bb felm\u00e9r\u00e9s\u00fcnk egybehangz\u00f3an azt a k\u00e9pet mutatja, hogy ma Magyarorsz\u00e1gon a c\u00e9gek kb. negyed\u00e9n\u00e9l semmif\u00e9le iratkezel\u00e9si szab\u00e1lyoz\u00e1s nem l\u00e9tezik a pap\u00edralap\u00fa dokumentumok kezel\u00e9s\u00e9re \u00e9s az iratmegsemmis\u00edt\u00e9sre vonatkoz\u00f3an, m\u00e1rpedig aki csak egy alkalmazottat is foglalkoztat, vagy egyetlen sz\u00e1ml\u00e1t \u00e9s szerz\u0151d\u00e9st ki\u00e1ll\u00edt, ann\u00e1l kell, hogy el\u0151forduljon ilyen<\/em> <em>irat<\/em>\u201d \u2013 v\u00e1zolta fel a hazai helyzetet Kreutz L\u00e1szl\u00f3, a Fellowes Hungary Kft. \u00fcgyvezet\u0151 igazgat\u00f3ja. Ez\u00e9rt azt\u00e1n hihetetlen dolgokra lehet bukkanni a megsemmis\u00edt\u00e9s n\u00e9lk\u00fcl kidobott iratok k\u00f6z\u00f6tt: egy fejvad\u00e1szc\u00e9ghez bek\u00fcld\u00f6tt k\u00f6zel 1000 \u00f6n\u00e9letrajzt\u00f3l kezdve egy nemzetbiztons\u00e1gilag strat\u00e9giai fontoss\u00e1g\u00fa \u00e9p\u00fcletegy\u00fcttes tervrajzain \u00e1t komplett p\u00e1ly\u00e1zati anyagokig, de bev\u00e9teli vagy forgalmi adatok is landolnak a szem\u00e9tben. A sort sok\u00e1ig lehetne folytatni azokkal a p\u00e9ld\u00e1kkal, amelyek az adatokkal val\u00f3 vissza\u00e9l\u00e9s sz\u00e1mos lehet\u0151s\u00e9g\u00e9t hordozz\u00e1k magukban a gondatlans\u00e1g miatt. A szakember kiemelte, hogy \u2013 b\u00e1r adatv\u00e9delem kapcs\u00e1n sokan els\u0151sorban az elektronikus adatokra gondolnak \u2013, a GDPR ugyan\u00fagy vonatkozik a pap\u00edralap\u00fa dokumentumok kezel\u00e9s\u00e9re, t\u00e1rol\u00e1s\u00e1ra \u00e9s szakszer\u0171 megsemmis\u00edt\u00e9s\u00e9re is.\u00a0 Az m\u00e1r csak hab a tort\u00e1n, hogy a \u201ebiztons\u00e1g kedv\u00e9\u00e9rt\u201d gyakran a digit\u00e1lis adatokat is ink\u00e1bb kinyomtatva szeretj\u00fck t\u00e1rolni, gondoljunk csak arra, amikor egy iktat\u00f3sz\u00e1m kedv\u00e9\u00e9rt kinyomtatjuk az elektronikus sz\u00e1ml\u00e1t \u00e9s sz\u00e9pen lef\u0171zz\u00fck.<\/p>\n<p>Hortob\u00e1gyi \u00c1goston, a Biztons\u00e1gos Digit\u00e1lis T\u00e1rsadalom\u00e9rt Egyes\u00fclet eln\u00f6ke \u00e9s a DO-Q-Ment Kft. \u00fcgyvezet\u0151je els\u0151sorban tisztul\u00e1st \u00e9s egys\u00e9ges normarendszert v\u00e1r az \u00faj szab\u00e1lyoz\u00e1st\u00f3l a digit\u00e1lis adatkezel\u00e9s ter\u00fclet\u00e9n.<\/p>\n<p>\u201e<em>Az elektronikusan kezelt adatokn\u00e1l nem is az jelenti a legf\u0151bb gondot, hogy hogyan t\u00e1roljuk vagy semmis\u00edtj\u00fck meg biztons\u00e1gosan ezeket, a k\u00e9rd\u00e9s ott kezd\u0151dik, hogy mik\u00e9nt lehet egy adat val\u00f3dis\u00e1g\u00e1t, valamint az adatot l\u00e9trehoz\u00f3 konkr\u00e9t szem\u00e9ly azonos\u00edt\u00e1s\u00e1t ellen\u0151rizni \u00e9s igazolni a digit\u00e1lis t\u00e9rben\u201d<\/em> \u2013 mondja a szakember.<\/p>\n<p>Dr. Hal\u00e1sz B\u00e1lint, a Bird &amp; Bird \u00fcgyv\u00e9dje p\u00e1r jellegzetes elem\u00e9t emelte ki az \u00faj szab\u00e1lyoz\u00e1snak, mint p\u00e9ld\u00e1ul az elsz\u00e1moltathat\u00f3s\u00e1g alapelv\u00e9t vagy az adatv\u00e9delmi incidens hat\u00f3s\u00e1ghoz t\u00f6rt\u00e9n\u0151 72 \u00f3r\u00e1s bejelent\u00e9si k\u00f6telezetts\u00e9g\u00e9t. R\u00e1mutatott a m\u00e1just\u00f3l v\u00e1rhat\u00f3 szankci\u00f3k m\u00e9rt\u00e9k\u00e9re is.<\/p>\n<p><em>\u201eS\u00falyos esetben a p\u00e9nzb\u00fcntet\u00e9s maximuma 20 milli\u00f3 eur\u00f3 vagy az el\u0151z\u0151 p\u00e9nz\u00fcgyi \u00e9v teljes vil\u00e1gpiaci forgalm\u00e1nak 4 sz\u00e1zal\u00e9k\u00e1t kitev\u0151 \u00f6sszeg.<\/em> <em>Az \u00e9ves bev\u00e9teln\u00e9l r\u00e1ad\u00e1sul egy t\u00f6bb orsz\u00e1gban jelen l\u00e9v\u0151 c\u00e9gn\u00e9l, illetve c\u00e9gcsoportn\u00e1l \u00fagy is \u00e9rtelmezhet\u0151 a szab\u00e1ly, hogy az eg\u00e9sz c\u00e9gcsoport \u00e9ves \u00e1rbev\u00e9tele a sz\u00e1m\u00edt\u00e1s alapja. Azt is fontos \u00e9szben tartani, hogy a k\u00e9t \u00f6sszeg k\u00f6z\u00fcl a magasabb megfizet\u00e9s\u00e9re k\u00f6telezheti a mulaszt\u00e1st elk\u00f6vet\u0151 v\u00e1llalatot a hat\u00f3s\u00e1g, azaz v\u00e1llalkoz\u00e1sok eset\u00e9ben a b\u00edrs\u00e1g ak\u00e1r meg is haladhatja a 20 milli\u00f3 eur\u00f3t. Ez a jelenlegi magyar 20 milli\u00f3 forintos, azaz nagyj\u00e1b\u00f3l 65 ezer eur\u00f3s b\u00edrs\u00e1gplafonhoz k\u00e9pest nagys\u00e1grendileg nagyobb kock\u00e1zatot jelent.\u201d\u00a0\u00a0 <\/em><\/p>\n<p>\u201e<em>A c\u00e9l persze nem a b\u00fcntet\u00e9s, ink\u00e1bb a seg\u00edts\u00e9gny\u00fajt\u00e1s vagy a tan\u00e1csad\u00e1s<\/em> \u2013 mondta dr. Osztop\u00e1ni Kriszti\u00e1n a Nemzeti Adatv\u00e9delmi \u00e9s Inform\u00e1ci\u00f3szabads\u00e1g Hat\u00f3s\u00e1g (NAIH) k\u00e9pviselet\u00e9ben. \u2013 <em>M\u00e1jus ut\u00e1n sem a legs\u00falyosabb szankci\u00f3kkal kell felt\u00e9tlen\u00fcl sz\u00e1molni\u201d<\/em> \u2013 nyugtatott meg mindenkit a hat\u00f3s\u00e1g hozz\u00e1\u00e1ll\u00e1sa fel\u0151l, b\u00e1r hozz\u00e1tette, k\u00e9ts\u00e9gtelen\u00fcl az eddigiekn\u00e9l nagys\u00e1grendileg nagyobb b\u00fcntet\u00e9s lesz kiszabhat\u00f3 a legs\u00falyosabb esetekben. Egyel\u0151re azonban a kisebb adatv\u00e9delmi kih\u00e1g\u00e1sokn\u00e1l ink\u00e1bb a figyelmeztet\u00e9s vagy a megrov\u00e1s eszk\u00f6zeivel fog \u00e9lni a hivatal. Enn\u00e9l fontosabb, hogy els\u0151dleges feladatuknak a seg\u00edts\u00e9gny\u00fajt\u00e1st tartj\u00e1k, mind a GDPR-ra val\u00f3 felk\u00e9sz\u00fcl\u00e9sben, amihez hasznos \u00fatmutat\u00f3t lehet tal\u00e1lni a NAIH honlapj\u00e1n, mind pedig a k\u00e9s\u0151bbiek folyam\u00e1n, amikor szint\u00e9n lehet hozz\u00e1juk tan\u00e1cs\u00e9rt fordulni, ha valaki nem biztos abban, mik\u00e9nt k\u00e9ne megfelel\u0151en eleget tennie az \u00faj uni\u00f3s adatv\u00e9delmi rendeletnek.<\/p>\n<p><strong>\u00a0<\/strong><\/p>\n<p>&nbsp;<\/p>\n","protected":false},"excerpt":{"rendered":"<p>F\u00e9l \u00e9v m\u00falva itt az Eur\u00f3pai Uni\u00f3 \u00faj adatv\u00e9delmi rendelete, a GDPR, amelynek c\u00e9lja, hogy az egyes tag\u00e1llamokban egys\u00e9ges\u00edtse az adatv\u00e9delmi el\u0151\u00edr\u00e1sokat. Az \u00faj szab\u00e1lyoz\u00e1s egyik l\u00e9nyeges eleme, hogy nagyobb betekint\u00e9st biztos\u00edt a mag\u00e1nembereknek abba, hogy megfelel\u0151en b\u00e1nnak-e az adataikkal, \u00edgy p\u00e9ld\u00e1ul, hogy milyen jogalapon t\u00e1rolja \u00e9s haszn\u00e1lja fel egy v\u00e1llalkoz\u00e1s azokat. A c\u00e9geknek ezzel &#8230;<\/p>\n","protected":false},"author":1,"featured_media":0,"comment_status":"closed","ping_status":"open","sticky":false,"template":"","format":"standard","meta":[],"categories":[19],"tags":[],"_links":{"self":[{"href":"https:\/\/gazdasagportal.hu\/index.php\/wp-json\/wp\/v2\/posts\/100140"}],"collection":[{"href":"https:\/\/gazdasagportal.hu\/index.php\/wp-json\/wp\/v2\/posts"}],"about":[{"href":"https:\/\/gazdasagportal.hu\/index.php\/wp-json\/wp\/v2\/types\/post"}],"author":[{"embeddable":true,"href":"https:\/\/gazdasagportal.hu\/index.php\/wp-json\/wp\/v2\/users\/1"}],"replies":[{"embeddable":true,"href":"https:\/\/gazdasagportal.hu\/index.php\/wp-json\/wp\/v2\/comments?post=100140"}],"version-history":[{"count":1,"href":"https:\/\/gazdasagportal.hu\/index.php\/wp-json\/wp\/v2\/posts\/100140\/revisions"}],"predecessor-version":[{"id":100141,"href":"https:\/\/gazdasagportal.hu\/index.php\/wp-json\/wp\/v2\/posts\/100140\/revisions\/100141"}],"wp:attachment":[{"href":"https:\/\/gazdasagportal.hu\/index.php\/wp-json\/wp\/v2\/media?parent=100140"}],"wp:term":[{"taxonomy":"category","embeddable":true,"href":"https:\/\/gazdasagportal.hu\/index.php\/wp-json\/wp\/v2\/categories?post=100140"},{"taxonomy":"post_tag","embeddable":true,"href":"https:\/\/gazdasagportal.hu\/index.php\/wp-json\/wp\/v2\/tags?post=100140"}],"curies":[{"name":"wp","href":"https:\/\/api.w.org\/{rel}","templated":true}]}}