{"id":100112,"date":"2017-11-18T15:37:23","date_gmt":"2017-11-18T14:37:23","guid":{"rendered":"http:\/\/gazdasagportal.hu\/?p=100112"},"modified":"2017-11-18T12:49:01","modified_gmt":"2017-11-18T11:49:01","slug":"a-volkswagen-tobb-mint-34-milliard-euros-fejlesztesi-programot-indit","status":"publish","type":"post","link":"https:\/\/gazdasagportal.hu\/index.php\/a-volkswagen-tobb-mint-34-milliard-euros-fejlesztesi-programot-indit\/","title":{"rendered":"A Volkswagen t\u00f6bb mint 34 milli\u00e1rd eur\u00f3s fejleszt\u00e9si programot ind\u00edt"},"content":{"rendered":"<p><strong>T\u00f6bb mint 34 milli\u00e1rd eur\u00f3s (10,6 ezer milli\u00e1rd forint) fejleszt\u00e9si programot ind\u00edt a Volkswagen AG (VW), hogy l\u00e9p\u00e9st tartson az aut\u00f3ipar \u00e1talakul\u00e1s\u00e1val &#8211; k\u00f6z\u00f6lte p\u00e9nteken a n\u00e9met g\u00e9pj\u00e1rm\u0171gy\u00e1rt\u00f3 csoport.<\/strong><!--more--><\/p>\n<div class=\"ads-in-post1\"><div id=\"gazdasagportal.hu_fullbanner_wideboard\"><\/div>\r\n<\/div>\n<p>    A t\u00e1rsas\u00e1g k\u00f6zlem\u00e9nye szerint Matthias M\u00fcller vez\u00e9rigazgat\u00f3 a fel\u00fcgyel\u0151bizotts\u00e1g \u00fcl\u00e9s\u00e9n hangs\u00falyozta, hogy &#8222;\u00e9ppen most tal\u00e1lj\u00e1k fel \u00fajra az aut\u00f3t&#8221;, ez\u00e9rt a 2018-2022-es id\u0151szakban t\u00f6bb mint 34 milli\u00e1rd eur\u00f3t ford\u00edtanak az elektromobilit\u00e1s, az auton\u00f3m vezet\u00e9si technol\u00f3gi\u00e1k, az \u00faj t\u00edpus\u00fa k\u00f6zleked\u00e9si szolg\u00e1ltat\u00e1sok \u00e9s a digitaliz\u00e1ci\u00f3 ter\u00fclet\u00e9re.<br \/>\n    A fejleszt\u00e9seket az &#8222;aktu\u00e1lis technol\u00f3gi\u00e1k&#8221; elhanyagol\u00e1sa n\u00e9lk\u00fcl kell v\u00e9grehajtani, &#8222;mert a bel\u00e1that\u00f3 id\u0151ben m\u00e9g ezekkel keres\u00fcnk p\u00e9nzt&#8221; &#8211; tette hozz\u00e1 Matthias M\u00fcller.<br \/>\n    Kiemelte, hogy a k\u00f6vetkez\u0151 \u00e9vekben az eg\u00e9sz aut\u00f3ipar alapvet\u0151en \u00e1talakul, ami &#8222;nagy lehet\u0151s\u00e9geket k\u00edn\u00e1l, de hatalmas er\u0151fesz\u00edt\u00e9seket is k\u00f6vetel&#8221;. Ez\u00e9rt a VW \u00e1tfog\u00f3 offenz\u00edv\u00e1t ind\u00edt. Ennek r\u00e9v\u00e9n 2025-re nagyj\u00e1b\u00f3l minden negyedik gy\u00e1rtm\u00e1nya elektromos meghajt\u00e1s\u00fa lesz, \u00e9s 2030-ig el\u00e9ri, hogy a csoport valamennyi &#8211; nagyj\u00e1b\u00f3l 300 &#8211; modellj\u00e9nek legyen legal\u00e1bb egy elektromos v\u00e1ltozata. Ezt a c\u00e9l szolg\u00e1lja a t\u00e1rsas\u00e1g t\u00f6rt\u00e9net\u00e9nek egyik legnagyobb szab\u00e1s\u00fa beszerz\u00e9si programja is, amely t\u00f6bb mint 50 milli\u00e1rd eur\u00f3t ir\u00e1nyoz el\u0151 akkumul\u00e1torok v\u00e1s\u00e1rl\u00e1s\u00e1ra &#8211; \u00e1ll a k\u00f6zlem\u00e9nyben.<br \/>\n<div class=\"ads-in-post2\"><script async src=\"https:\/\/pagead2.googlesyndication.com\/pagead\/js\/adsbygoogle.js\"><\/script>\r\n<ins class=\"adsbygoogle\"\r\n     style=\"display:block\"\r\n     data-ad-format=\"fluid\"\r\n     data-ad-layout-key=\"-6t+ed+2i-1n-4w\"\r\n     data-ad-client=\"ca-pub-1959107119989764\"\r\n     data-ad-slot=\"4008251320\"><\/ins>\r\n<script>\r\n     (adsbygoogle = window.adsbygoogle || []).push({});\r\n<\/script><\/div>\n    A VW a legnagyobb eur\u00f3pai g\u00e9pj\u00e1rm\u0171gy\u00e1rt\u00f3. A n\u00e9vad\u00f3 Volkswagen, az Audi, a Seat \u00e9s a Skoda t\u00edpus\u00fa szem\u00e9lyaut\u00f3k mellett olyan luxusm\u00e1rk\u00e1k gy\u00e1rt\u00f3ja, mint a Bentley, a Bugatti, a Lamborghini, a Porsche, illetve a Ducati (motorker\u00e9kp\u00e1r). Saj\u00e1t m\u00e1rk\u00e1j\u00fa haszonj\u00e1rm\u0171vei mellett a Scania \u00e9s a MAN teherg\u00e9pj\u00e1rm\u0171veket is a VW gy\u00e1rtja.(MTI)<\/p>\n","protected":false},"excerpt":{"rendered":"<p>T\u00f6bb mint 34 milli\u00e1rd eur\u00f3s (10,6 ezer milli\u00e1rd forint) fejleszt\u00e9si programot ind\u00edt a Volkswagen AG (VW), hogy l\u00e9p\u00e9st tartson az aut\u00f3ipar \u00e1talakul\u00e1s\u00e1val &#8211; k\u00f6z\u00f6lte p\u00e9nteken a n\u00e9met g\u00e9pj\u00e1rm\u0171gy\u00e1rt\u00f3 csoport.<\/p>\n","protected":false},"author":1,"featured_media":0,"comment_status":"closed","ping_status":"open","sticky":false,"template":"","format":"standard","meta":[],"categories":[8,246],"tags":[],"_links":{"self":[{"href":"https:\/\/gazdasagportal.hu\/index.php\/wp-json\/wp\/v2\/posts\/100112"}],"collection":[{"href":"https:\/\/gazdasagportal.hu\/index.php\/wp-json\/wp\/v2\/posts"}],"about":[{"href":"https:\/\/gazdasagportal.hu\/index.php\/wp-json\/wp\/v2\/types\/post"}],"author":[{"embeddable":true,"href":"https:\/\/gazdasagportal.hu\/index.php\/wp-json\/wp\/v2\/users\/1"}],"replies":[{"embeddable":true,"href":"https:\/\/gazdasagportal.hu\/index.php\/wp-json\/wp\/v2\/comments?post=100112"}],"version-history":[{"count":1,"href":"https:\/\/gazdasagportal.hu\/index.php\/wp-json\/wp\/v2\/posts\/100112\/revisions"}],"predecessor-version":[{"id":100113,"href":"https:\/\/gazdasagportal.hu\/index.php\/wp-json\/wp\/v2\/posts\/100112\/revisions\/100113"}],"wp:attachment":[{"href":"https:\/\/gazdasagportal.hu\/index.php\/wp-json\/wp\/v2\/media?parent=100112"}],"wp:term":[{"taxonomy":"category","embeddable":true,"href":"https:\/\/gazdasagportal.hu\/index.php\/wp-json\/wp\/v2\/categories?post=100112"},{"taxonomy":"post_tag","embeddable":true,"href":"https:\/\/gazdasagportal.hu\/index.php\/wp-json\/wp\/v2\/tags?post=100112"}],"curies":[{"name":"wp","href":"https:\/\/api.w.org\/{rel}","templated":true}]}}