{"id":100110,"date":"2017-11-18T13:44:21","date_gmt":"2017-11-18T12:44:21","guid":{"rendered":"http:\/\/gazdasagportal.hu\/?p=100110"},"modified":"2017-11-18T12:45:27","modified_gmt":"2017-11-18T11:45:27","slug":"szakerto-az-epitoipar-huzhatja-a-magyar-gdp-t","status":"publish","type":"post","link":"https:\/\/gazdasagportal.hu\/index.php\/szakerto-az-epitoipar-huzhatja-a-magyar-gdp-t\/","title":{"rendered":"Szak\u00e9rt\u0151: az \u00e9p\u00edt\u0151ipar h\u00fazhatja a magyar GDP-t"},"content":{"rendered":"<p><strong>Boros Imre k\u00f6zgazd\u00e1sz szerint az \u00e9p\u00edt\u0151ipar h\u00fazhatja a k\u00f6zelj\u00f6v\u0151ben a magyar GDP-t, t\u00edzezer \u00faj lak\u00e1s \u00e9p\u00edt\u00e9se 1 sz\u00e1zal\u00e9kkal emeli a nemzeti brutt\u00f3 \u00f6sszterm\u00e9ket.<\/strong><!--more--><\/p>\n<div class=\"ads-in-post1\"><div id=\"gazdasagportal.hu_fullbanner_wideboard\"><\/div>\r\n<\/div>\n<p>    A szak\u00e9rt\u0151 az M1 aktu\u00e1lis csatorna szombat d\u00e9lel\u0151tti m\u0171sor\u00e1ban azt mondta, minden ezer \u00faj lak\u00e1s 0,1 sz\u00e1zal\u00e9kkal emeli a nemzeti \u00f6sszterm\u00e9ket, \u00e9s a b\u0151v\u00fcl\u00e9s z\u00f6me Magyarorsz\u00e1gon marad, mert magyar c\u00e9gek \u00e9p\u00edtenek, nem k\u00fclf\u00f6ldiek.<br \/>\n    Megjegyezte, hogy j\u00f6v\u0151re 4-5 ezerrel t\u00f6bb lak\u00e1s \u00e9p\u00fclhet, mint id\u00e9n, mivel a keresetek magasabbak, a hitelk\u00f6lts\u00e9gek alacsonyabbak, mint kor\u00e1bban, \u00e9s csal\u00e1dt\u00e1mogat\u00e1si rendszerrel is t\u00e1mogatja a korm\u00e1ny a lak\u00e1sv\u00e1s\u00e1rl\u00e1st. Ennek k\u00f6vetkezt\u00e9ben &#8222;keresleti sz\u00edv\u00e1s&#8221; alakult ki, erre reag\u00e1lnak most az \u00e9p\u00edttet\u0151 c\u00e9gek, de m\u00e1ra munkaer\u0151hi\u00e1ny l\u00e9pett fel, ez\u00e9rt magasabb b\u00e9rekkel pr\u00f3b\u00e1lj\u00e1k meg a k\u00fclf\u00f6ldre v\u00e1ndorolt munkaer\u0151t visszahozni &#8211; mondta a k\u00f6zgazd\u00e1sz.(MTI)<br \/>\n<div class=\"ads-in-post2\"><script async src=\"https:\/\/pagead2.googlesyndication.com\/pagead\/js\/adsbygoogle.js\"><\/script>\r\n<ins class=\"adsbygoogle\"\r\n     style=\"display:block\"\r\n     data-ad-format=\"fluid\"\r\n     data-ad-layout-key=\"-6t+ed+2i-1n-4w\"\r\n     data-ad-client=\"ca-pub-1959107119989764\"\r\n     data-ad-slot=\"4008251320\"><\/ins>\r\n<script>\r\n     (adsbygoogle = window.adsbygoogle || []).push({});\r\n<\/script><\/div>\n","protected":false},"excerpt":{"rendered":"<p>Boros Imre k\u00f6zgazd\u00e1sz szerint az \u00e9p\u00edt\u0151ipar h\u00fazhatja a k\u00f6zelj\u00f6v\u0151ben a magyar GDP-t, t\u00edzezer \u00faj lak\u00e1s \u00e9p\u00edt\u00e9se 1 sz\u00e1zal\u00e9kkal emeli a nemzeti brutt\u00f3 \u00f6sszterm\u00e9ket.<\/p>\n","protected":false},"author":1,"featured_media":0,"comment_status":"closed","ping_status":"open","sticky":false,"template":"","format":"standard","meta":[],"categories":[19],"tags":[],"_links":{"self":[{"href":"https:\/\/gazdasagportal.hu\/index.php\/wp-json\/wp\/v2\/posts\/100110"}],"collection":[{"href":"https:\/\/gazdasagportal.hu\/index.php\/wp-json\/wp\/v2\/posts"}],"about":[{"href":"https:\/\/gazdasagportal.hu\/index.php\/wp-json\/wp\/v2\/types\/post"}],"author":[{"embeddable":true,"href":"https:\/\/gazdasagportal.hu\/index.php\/wp-json\/wp\/v2\/users\/1"}],"replies":[{"embeddable":true,"href":"https:\/\/gazdasagportal.hu\/index.php\/wp-json\/wp\/v2\/comments?post=100110"}],"version-history":[{"count":1,"href":"https:\/\/gazdasagportal.hu\/index.php\/wp-json\/wp\/v2\/posts\/100110\/revisions"}],"predecessor-version":[{"id":100111,"href":"https:\/\/gazdasagportal.hu\/index.php\/wp-json\/wp\/v2\/posts\/100110\/revisions\/100111"}],"wp:attachment":[{"href":"https:\/\/gazdasagportal.hu\/index.php\/wp-json\/wp\/v2\/media?parent=100110"}],"wp:term":[{"taxonomy":"category","embeddable":true,"href":"https:\/\/gazdasagportal.hu\/index.php\/wp-json\/wp\/v2\/categories?post=100110"},{"taxonomy":"post_tag","embeddable":true,"href":"https:\/\/gazdasagportal.hu\/index.php\/wp-json\/wp\/v2\/tags?post=100110"}],"curies":[{"name":"wp","href":"https:\/\/api.w.org\/{rel}","templated":true}]}}