{"id":100059,"date":"2017-11-16T17:08:23","date_gmt":"2017-11-16T16:08:23","guid":{"rendered":"http:\/\/gazdasagportal.hu\/?p=100059"},"modified":"2017-11-16T17:08:23","modified_gmt":"2017-11-16T16:08:23","slug":"a-magyarok-es-a-nemetek-tobbsege-is-kedvezoen-velekedik-a-masik-orszagrol-a-migracio-ugyeben-nincs-egyetertes","status":"publish","type":"post","link":"https:\/\/gazdasagportal.hu\/index.php\/a-magyarok-es-a-nemetek-tobbsege-is-kedvezoen-velekedik-a-masik-orszagrol-a-migracio-ugyeben-nincs-egyetertes\/","title":{"rendered":"A magyarok \u00e9s a n\u00e9metek t\u00f6bbs\u00e9ge is kedvez\u0151en v\u00e9lekedik a m\u00e1sik orsz\u00e1gr\u00f3l, a migr\u00e1ci\u00f3 \u00fcgy\u00e9ben nincs egyet\u00e9rt\u00e9s"},"content":{"rendered":"<p><strong>A N\u00e9z\u0151pont Int\u00e9zet legfrissebb felm\u00e9r\u00e9s\u00e9nek adatai alapj\u00e1n Magyarorsz\u00e1gon \u00e9s N\u00e9metorsz\u00e1gban is t\u00f6bbs\u00e9gben vannak azok, akiknek pozit\u00edv a v\u00e9lem\u00e9ny\u00fck a m\u00e1sik orsz\u00e1gr\u00f3l. A magyar korm\u00e1ny migr\u00e1ci\u00f3s politik\u00e1j\u00e1nak meg\u00edt\u00e9l\u00e9s\u00e9ben viszont nem \u00e9rtenek egyet: m\u00edg a magyarok k\u00e9tharmada (67 sz\u00e1zal\u00e9k) t\u00e1mogatja, a n\u00e9metek t\u00f6bbs\u00e9ge (55 sz\u00e1zal\u00e9k) ellenzi.<\/strong><!--more--><\/p>\n<div class=\"ads-in-post1\"><div id=\"gazdasagportal.hu_fullbanner_wideboard\"><\/div>\r\n<\/div>\n<p>    A N\u00e9z\u0151pont Int\u00e9zet cs\u00fct\u00f6rt\u00f6ki, az MTI-hez eljuttatott k\u00f6zlem\u00e9ny\u00e9ben felid\u00e9zte: a magyar-n\u00e9met kapcsolatokr\u00f3l tartottak rendezv\u00e9nyt a nap folyam\u00e1n, ahol bemutattak egy N\u00e9metorsz\u00e1gban \u00e9s Magyarorsz\u00e1gon v\u00e9gzett k\u00f6zv\u00e9lem\u00e9ny-kutat\u00e1st is. Eml\u00e9keztettek: a felm\u00e9r\u00e9s r\u00e1mutat, hogy mindk\u00e9t orsz\u00e1gban t\u00f6bbs\u00e9gben vannak azok, akik ink\u00e1bb pozit\u00edv v\u00e9lem\u00e9nnyel vannak a m\u00e1sik orsz\u00e1gr\u00f3l. N\u00e9metorsz\u00e1gban a megk\u00e9rdezettek relat\u00edv t\u00f6bbs\u00e9ge (48 sz\u00e1zal\u00e9k) alkotott pozit\u00edv v\u00e9lem\u00e9nyt Magyarorsz\u00e1gr\u00f3l. A magyarokn\u00e1l ez az ar\u00e1ny m\u00e9g kedvez\u0151bb &#8211; emelt\u00e9k ki -, hiszen a megk\u00e9rdezettek 53 sz\u00e1zal\u00e9ka van pozit\u00edv v\u00e9lem\u00e9nnyel N\u00e9metorsz\u00e1gr\u00f3l. Ezzel szemben a n\u00e9metek 43 sz\u00e1zal\u00e9ka alak\u00edtott ki negat\u00edv v\u00e9lem\u00e9nyt Magyarorsz\u00e1gr\u00f3l, m\u00edg a magyarok kevesebb mint harmada (27 sz\u00e1zal\u00e9k) van ink\u00e1bb rossz v\u00e9lem\u00e9nnyel N\u00e9metorsz\u00e1gr\u00f3l.<br \/>\n<div class=\"ads-in-post2\"><script async src=\"https:\/\/pagead2.googlesyndication.com\/pagead\/js\/adsbygoogle.js\"><\/script>\r\n<ins class=\"adsbygoogle\"\r\n     style=\"display:block\"\r\n     data-ad-format=\"fluid\"\r\n     data-ad-layout-key=\"-6t+ed+2i-1n-4w\"\r\n     data-ad-client=\"ca-pub-1959107119989764\"\r\n     data-ad-slot=\"4008251320\"><\/ins>\r\n<script>\r\n     (adsbygoogle = window.adsbygoogle || []).push({});\r\n<\/script><\/div>\n    A kutat\u00e1s eredm\u00e9nyeit r\u00e9szletezve megjegyezt\u00e9k: \u00e9rdekess\u00e9g, hogy Magyarorsz\u00e1gon a fiatalabbak (18-29 \u00e9v k\u00f6ztiek) vannak az \u00e1tlagn\u00e1l is l\u00e9nyegesen jobb v\u00e9lem\u00e9nnyel N\u00e9metorsz\u00e1gr\u00f3l (67 sz\u00e1zal\u00e9kuk v\u00e9lem\u00e9nye pozit\u00edv). N\u00e9metorsz\u00e1gban az egyes korcsoportok k\u00f6z\u00f6tt nincsenek l\u00e9nyeges elt\u00e9r\u00e9sek Magyarorsz\u00e1g meg\u00edt\u00e9l\u00e9s\u00e9ben.<br \/>\n    A felm\u00e9r\u00e9sb\u0151l az is kider\u00fcl, hogy m\u00edg a k\u00e9t orsz\u00e1g egym\u00e1sr\u00f3l alkotott \u00e1ltal\u00e1nos k\u00e9pe pozit\u00edv, a k\u00e9toldal\u00fa kapcsolatok meg\u00edt\u00e9l\u00e9s\u00e9ben komolyabb k\u00fcl\u00f6nbs\u00e9g van a magyarok \u00e9s n\u00e9metek v\u00e9lem\u00e9nye k\u00f6z\u00f6tt. Kifejtett\u00e9k: m\u00edg a magyarokn\u00e1l 56 sz\u00e1zal\u00e9k van ink\u00e1bb j\u00f3 v\u00e9lem\u00e9nnyel a k\u00e9toldal\u00fa kapcsolatokr\u00f3l \u00e9s csak 32 sz\u00e1zal\u00e9k el\u00e9gedetlen, a n\u00e9metekn\u00e9l 57 sz\u00e1zal\u00e9k van ink\u00e1bb rossz v\u00e9lem\u00e9nnyel a n\u00e9met-magyar kapcsolatokr\u00f3l, \u00e9s csak 28 sz\u00e1zal\u00e9k v\u00e9lem\u00e9nye pozit\u00edv.<br \/>\n    A k\u00e9t orsz\u00e1g k\u00f6zti politikai kapcsolat meg\u00edt\u00e9l\u00e9se hasonl\u00f3 k\u00e9pet mutat. A n\u00e9metek k\u00f6r\u00e9ben ugyancsak 57 sz\u00e1zal\u00e9k van e t\u00e9ren ink\u00e1bb negat\u00edv v\u00e9lem\u00e9nnyel, m\u00edg 26 sz\u00e1zal\u00e9kuk pozit\u00edvnak \u00edt\u00e9li a k\u00e9t orsz\u00e1g politikai kapcsolatait. Ebben a k\u00e9rd\u00e9sben a magyarok is megosztottabbak, b\u00e1r a t\u00f6bbs\u00e9g (40 sz\u00e1zal\u00e9k) pozit\u00edvan l\u00e1tja a politikai kapcsolatokat, 35 sz\u00e1zal\u00e9k negat\u00edvan.<br \/>\n    A N\u00e9z\u0151pont szerint a k\u00e9toldal\u00fa kapcsolatok \u00e9s k\u00fcl\u00f6n\u00f6sen a politikai kapcsolatok meg\u00edt\u00e9l\u00e9s\u00e9t f\u0151k\u00e9nt n\u00e9met r\u00e9szr\u0151l er\u0151teljesen befoly\u00e1solhatja, hogy teljesen m\u00e1sk\u00e9nt \u00e9rt\u00e9kelik a k\u00e9t orsz\u00e1gban a magyar korm\u00e1ny migr\u00e1ci\u00f3s politik\u00e1j\u00e1t. Hangs\u00falyozt\u00e1k: m\u00edg a magyarok k\u00e9tharmada (67 sz\u00e1zal\u00e9k) t\u00e1mogatja, a n\u00e9metek t\u00f6bbs\u00e9ge (55 sz\u00e1zal\u00e9k) nem szimpatiz\u00e1l ebben a k\u00e9rd\u00e9sben a magyar korm\u00e1nnyal.<br \/>\n    Jelezt\u00e9k: ezzel egy\u00fctt mindk\u00e9t orsz\u00e1gban t\u00f6bbs\u00e9gben vannak, akik er\u0151s\u00edten\u00e9k a n\u00e9met-magyar politikai kapcsolatokat: Magyarorsz\u00e1gon 41, m\u00edg N\u00e9metorsz\u00e1gban 35 sz\u00e1zal\u00e9k. A laz\u00edt\u00e1st p\u00e1rtol\u00f3k ar\u00e1nya Magyarorsz\u00e1gon 28, N\u00e9metorsz\u00e1gban pedig 24 sz\u00e1zal\u00e9k.<br \/>\n    A k\u00e9t orsz\u00e1g gazdas\u00e1gi kapcsolatainak meg\u00edt\u00e9l\u00e9s\u00e9r\u0151l azt \u00edrt\u00e1k: igaz, hogy a n\u00e9metek 45 sz\u00e1zal\u00e9k\u00e1nak negat\u00edv a v\u00e9lem\u00e9nye err\u0151l, de azoknak az ar\u00e1nya is egyharmados (33 sz\u00e1zal\u00e9k), akiknek pozit\u00edv a v\u00e9lem\u00e9ny\u00fck. A magyarok 62 sz\u00e1zal\u00e9k van j\u00f3 v\u00e9lem\u00e9nnyel a k\u00e9t orsz\u00e1g gazdas\u00e1gi kapcsolatair\u00f3l, m\u00edg 14 sz\u00e1zal\u00e9knak van rossz v\u00e9lem\u00e9nye.<br \/>\n    A gazdas\u00e1gi kapcsolatokat a n\u00e9metek 34, a magyarok 59 sz\u00e1zal\u00e9ka f\u0171zn\u00e9 szorosabbra. A gazdas\u00e1gi partners\u00e9g laz\u00edt\u00e1s\u00e1t a n\u00e9metekn\u00e9l a megk\u00e9rdezettek 28, a magyarok 20 sz\u00e1zal\u00e9ka prefer\u00e1ln\u00e1.<br \/>\n    A felm\u00e9r\u00e9s kit\u00e9rt arra a k\u00e9rd\u00e9sre is, hogy a n\u00e9metek \u00e9s magyarok szerint els\u0151sorban melyik orsz\u00e1g profit\u00e1lt az elm\u00falt t\u00edz \u00e9v k\u00e9toldal\u00fa gazdas\u00e1gi kapcsolataib\u00f3l. Mindk\u00e9t orsz\u00e1gban a t\u00f6bbs\u00e9g (38-38 sz\u00e1zal\u00e9k) \u00fagy v\u00e9li, a k\u00e9t \u00e1llam egyar\u00e1nt el\u0151nyt tudott kov\u00e1csolni e kapcsolatb\u00f3l. Csaknem azonos azok ar\u00e1nya (a n\u00e9metekn\u00e9l 38, a magyarokn\u00e1l 37 sz\u00e1zal\u00e9k), akik \u00fagy v\u00e9lik, csak az egyik orsz\u00e1g profit\u00e1lt a gazdas\u00e1gi kapcsolatokb\u00f3l. Azonban a n\u00e9metekn\u00e9l 27 sz\u00e1zal\u00e9k szerint Magyarorsz\u00e1g, \u00e9s csak 11 sz\u00e1zal\u00e9k szerint N\u00e9metorsz\u00e1g tett szert nagyobb el\u0151nyre, a magyarokn\u00e1l ez az ar\u00e1ny ford\u00edtott. Harminc sz\u00e1zal\u00e9k v\u00e9li \u00fagy, hogy els\u0151sorban a n\u00e9metek profit\u00e1ltak a gazdas\u00e1gi kapcsolatokb\u00f3l \u00e9s 7 sz\u00e1zal\u00e9k szerint Magyarorsz\u00e1g. A n\u00e9metekn\u00e9l 13, a magyarokn\u00e1l 6 sz\u00e1zal\u00e9k azok az ar\u00e1nya, akik szerint egyik \u00e1llam sem tudott el\u0151nyt kov\u00e1csolni az elm\u00falt t\u00edz \u00e9v gazdas\u00e1gi kapcsolataib\u00f3l.<br \/>\n    A felm\u00e9r\u00e9s szeptember 26. \u00e9s okt\u00f3ber 27. k\u00f6z\u00f6tt k\u00e9sz\u00fclt Magyarorsz\u00e1gon \u00e9s N\u00e9metorsz\u00e1gban, orsz\u00e1gonk\u00e9nt 1000 ember telefonos megk\u00e9rdez\u00e9s\u00e9vel. A minta reprezentat\u00edv az adott orsz\u00e1g 18 \u00e9vesn\u00e9l id\u0151sebb lakoss\u00e1g\u00e1ra nem, kor, r\u00e9gi\u00f3, telep\u00fcl\u00e9st\u00edpus \u00e9s iskolai v\u00e9gzetts\u00e9g szerint. A maxim\u00e1lis mintav\u00e9teli hiba 3,2 sz\u00e1zal\u00e9k.<br \/>\n(MTI)<\/p>\n","protected":false},"excerpt":{"rendered":"<p>A N\u00e9z\u0151pont Int\u00e9zet legfrissebb felm\u00e9r\u00e9s\u00e9nek adatai alapj\u00e1n Magyarorsz\u00e1gon \u00e9s N\u00e9metorsz\u00e1gban is t\u00f6bbs\u00e9gben vannak azok, akiknek pozit\u00edv a v\u00e9lem\u00e9ny\u00fck a m\u00e1sik orsz\u00e1gr\u00f3l. A magyar korm\u00e1ny migr\u00e1ci\u00f3s politik\u00e1j\u00e1nak meg\u00edt\u00e9l\u00e9s\u00e9ben viszont nem \u00e9rtenek egyet: m\u00edg a magyarok k\u00e9tharmada (67 sz\u00e1zal\u00e9k) t\u00e1mogatja, a n\u00e9metek t\u00f6bbs\u00e9ge (55 sz\u00e1zal\u00e9k) ellenzi.<\/p>\n","protected":false},"author":1,"featured_media":0,"comment_status":"closed","ping_status":"open","sticky":false,"template":"","format":"standard","meta":[],"categories":[4,12],"tags":[],"_links":{"self":[{"href":"https:\/\/gazdasagportal.hu\/index.php\/wp-json\/wp\/v2\/posts\/100059"}],"collection":[{"href":"https:\/\/gazdasagportal.hu\/index.php\/wp-json\/wp\/v2\/posts"}],"about":[{"href":"https:\/\/gazdasagportal.hu\/index.php\/wp-json\/wp\/v2\/types\/post"}],"author":[{"embeddable":true,"href":"https:\/\/gazdasagportal.hu\/index.php\/wp-json\/wp\/v2\/users\/1"}],"replies":[{"embeddable":true,"href":"https:\/\/gazdasagportal.hu\/index.php\/wp-json\/wp\/v2\/comments?post=100059"}],"version-history":[{"count":1,"href":"https:\/\/gazdasagportal.hu\/index.php\/wp-json\/wp\/v2\/posts\/100059\/revisions"}],"predecessor-version":[{"id":100060,"href":"https:\/\/gazdasagportal.hu\/index.php\/wp-json\/wp\/v2\/posts\/100059\/revisions\/100060"}],"wp:attachment":[{"href":"https:\/\/gazdasagportal.hu\/index.php\/wp-json\/wp\/v2\/media?parent=100059"}],"wp:term":[{"taxonomy":"category","embeddable":true,"href":"https:\/\/gazdasagportal.hu\/index.php\/wp-json\/wp\/v2\/categories?post=100059"},{"taxonomy":"post_tag","embeddable":true,"href":"https:\/\/gazdasagportal.hu\/index.php\/wp-json\/wp\/v2\/tags?post=100059"}],"curies":[{"name":"wp","href":"https:\/\/api.w.org\/{rel}","templated":true}]}}