{"id":100013,"date":"2017-11-15T15:35:04","date_gmt":"2017-11-15T14:35:04","guid":{"rendered":"http:\/\/gazdasagportal.hu\/?p=100013"},"modified":"2017-11-15T15:35:04","modified_gmt":"2017-11-15T14:35:04","slug":"csokkent-a-felszamolasok-es-kenyszertorlesek-szama-a-vegelszamolasoke-azonban-nott-a-harmadik-negyedevben","status":"publish","type":"post","link":"https:\/\/gazdasagportal.hu\/index.php\/csokkent-a-felszamolasok-es-kenyszertorlesek-szama-a-vegelszamolasoke-azonban-nott-a-harmadik-negyedevben\/","title":{"rendered":"Cs\u00f6kkent a felsz\u00e1mol\u00e1sok \u00e9s k\u00e9nyszert\u00f6rl\u00e9sek sz\u00e1ma, a v\u00e9gelsz\u00e1mol\u00e1sok\u00e9 azonban n\u0151tt a harmadik negyed\u00e9vben"},"content":{"rendered":"<p><strong>A felsz\u00e1mol\u00e1si elj\u00e1r\u00e1sok sz\u00e1ma 2,7 sz\u00e1zal\u00e9kkal, a k\u00e9nyszert\u00f6rl\u00e9sek sz\u00e1ma pedig 26,2 sz\u00e1zal\u00e9kkal cs\u00f6kkent a harmadik negyed\u00e9vben az egy \u00e9vvel kor\u00e1bbihoz k\u00e9pest, az els\u0151 h\u00e1romnegyed\u00e9vben pedig az \u00e9ves  visszaes\u00e9s mindkett\u0151n\u00e9l meghaladta a 20 sz\u00e1zal\u00e9kot, mik\u00f6zben a v\u00e9gelsz\u00e1mol\u00e1sok sz\u00e1ma 21,7 sz\u00e1zal\u00e9kkal emelkedett &#8211; k\u00f6z\u00f6lte az MTI-vel a Bisnode \u00fczletiinform\u00e1ci\u00f3-szolg\u00e1ltat\u00f3 szerd\u00e1n. <\/strong><!--more--><\/p>\n<div class=\"ads-in-post1\"><div id=\"gazdasagportal.hu_fullbanner_wideboard\"><\/div>\r\n<\/div>\n<p>    J\u00falius-szeptemberben 1 787 felsz\u00e1mol\u00e1si elj\u00e1r\u00e1st, valamint 4 725 k\u00e9nyszert\u00f6rl\u00e9st regisztr\u00e1ltak a Bisnode sajt\u00f3k\u00f6zlem\u00e9nye szerint. Ebben arra is kit\u00e9rnek: az ut\u00f3bbi h\u00e1rom \u00e9vben fokozatosan cs\u00f6kken a felsz\u00e1mol\u00e1si elj\u00e1r\u00e1sok \u00e9s a k\u00e9nyszert\u00f6rl\u00e9sek sz\u00e1ma.<br \/>\n    Id\u00e9n az els\u0151 kilenc h\u00f3napban 32 \u00faj cs\u0151d\u00f6t regisztr\u00e1ltak, ami l\u00e9nyeg\u00e9ben megegyezik a tavaly m\u00e9rt azonos id\u0151szakival.<br \/>\n    A v\u00e9gelsz\u00e1mol\u00e1sok sz\u00e1ma &#8211; amikor a tulajdonos d\u00f6nt a megsz\u0171n\u00e9sr\u0151l, \u00e9s jellemz\u0151en eleget tud tenni a k\u00f6vetel\u00e9seknek &#8211; az elm\u00falt h\u00e1rom h\u00f3napban k\u00e9tezerrel  nyolcezer k\u00f6r\u00fclire n\u0151tt &#8211; k\u00f6z\u00f6lte a Bisnode.<br \/>\n<div class=\"ads-in-post2\"><script async src=\"https:\/\/pagead2.googlesyndication.com\/pagead\/js\/adsbygoogle.js\"><\/script>\r\n<ins class=\"adsbygoogle\"\r\n     style=\"display:block\"\r\n     data-ad-format=\"fluid\"\r\n     data-ad-layout-key=\"-6t+ed+2i-1n-4w\"\r\n     data-ad-client=\"ca-pub-1959107119989764\"\r\n     data-ad-slot=\"4008251320\"><\/ins>\r\n<script>\r\n     (adsbygoogle = window.adsbygoogle || []).push({});\r\n<\/script><\/div>\n    A bed\u0151l\u0151 c\u00e9gek ar\u00e1nya a k\u00f6zlem\u00e9ny szerint egy \u00e1gazatot lesz\u00e1m\u00edtva minden ipar\u00e1gban m\u00e9rs\u00e9kl\u0151d\u00f6tt vagy stagn\u00e1lt. A k\u00f6zigazgat\u00e1si szektorban n\u00f6vekedett a felsz\u00e1mol\u00e1sok \u00e9s cs\u0151d\u00f6k ar\u00e1nya 0,36 sz\u00e1zal\u00e9kponttal, azonban ez a ter\u00fclet m\u00e9g \u00edgy is a kev\u00e9sb\u00e9 kock\u00e1zatos ipar\u00e1gak k\u00f6z\u00e9 tartozik.<br \/>\n    A legkev\u00e9sb\u00e9 kock\u00e1zatos ipar\u00e1gak a bed\u0151l\u00e9si ar\u00e1nyok alapj\u00e1n 2017-ben a hum\u00e1n-eg\u00e9szs\u00e9g\u00fcgyi, szoci\u00e1lis ell\u00e1t\u00e1s, az oktat\u00e1s, a sz\u00e1m\u00edt\u00f3g\u00e9p, elektronikai, optikai term\u00e9k gy\u00e1rt\u00e1sa, a b\u00e1ny\u00e1szat, k\u0151fejt\u00e9s \u00e9s a szakmai, tudom\u00e1nyos, m\u0171szaki tev\u00e9kenys\u00e9g.<br \/>\n    A legkock\u00e1zatosabb ipar\u00e1gak list\u00e1j\u00e1n a vezet\u0151 helyet \u00e1tvette az \u00e9lelmiszer, ital, doh\u00e1nyterm\u00e9kek ter\u00fclete. Ezt k\u00f6veti a list\u00e1n a g\u00e9pj\u00e1rm\u0171, motorker\u00e9kp\u00e1r kereskedelme, jav\u00edt\u00e1sa, a sz\u00e1ll\u00e1shely-szolg\u00e1ltat\u00e1s, vend\u00e9gl\u00e1t\u00e1s, az adminisztrat\u00edv \u00e9s szolg\u00e1ltat\u00e1st t\u00e1mogat\u00f3 tev\u00e9kenys\u00e9g, a nagykereskedelem.(MTI)<\/p>\n","protected":false},"excerpt":{"rendered":"<p>A felsz\u00e1mol\u00e1si elj\u00e1r\u00e1sok sz\u00e1ma 2,7 sz\u00e1zal\u00e9kkal, a k\u00e9nyszert\u00f6rl\u00e9sek sz\u00e1ma pedig 26,2 sz\u00e1zal\u00e9kkal cs\u00f6kkent a harmadik negyed\u00e9vben az egy \u00e9vvel kor\u00e1bbihoz k\u00e9pest, az els\u0151 h\u00e1romnegyed\u00e9vben pedig az \u00e9ves visszaes\u00e9s mindkett\u0151n\u00e9l meghaladta a 20 sz\u00e1zal\u00e9kot, mik\u00f6zben a v\u00e9gelsz\u00e1mol\u00e1sok sz\u00e1ma 21,7 sz\u00e1zal\u00e9kkal emelkedett &#8211; k\u00f6z\u00f6lte az MTI-vel a Bisnode \u00fczletiinform\u00e1ci\u00f3-szolg\u00e1ltat\u00f3 szerd\u00e1n.<\/p>\n","protected":false},"author":1,"featured_media":0,"comment_status":"closed","ping_status":"open","sticky":false,"template":"","format":"standard","meta":[],"categories":[19],"tags":[],"_links":{"self":[{"href":"https:\/\/gazdasagportal.hu\/index.php\/wp-json\/wp\/v2\/posts\/100013"}],"collection":[{"href":"https:\/\/gazdasagportal.hu\/index.php\/wp-json\/wp\/v2\/posts"}],"about":[{"href":"https:\/\/gazdasagportal.hu\/index.php\/wp-json\/wp\/v2\/types\/post"}],"author":[{"embeddable":true,"href":"https:\/\/gazdasagportal.hu\/index.php\/wp-json\/wp\/v2\/users\/1"}],"replies":[{"embeddable":true,"href":"https:\/\/gazdasagportal.hu\/index.php\/wp-json\/wp\/v2\/comments?post=100013"}],"version-history":[{"count":1,"href":"https:\/\/gazdasagportal.hu\/index.php\/wp-json\/wp\/v2\/posts\/100013\/revisions"}],"predecessor-version":[{"id":100014,"href":"https:\/\/gazdasagportal.hu\/index.php\/wp-json\/wp\/v2\/posts\/100013\/revisions\/100014"}],"wp:attachment":[{"href":"https:\/\/gazdasagportal.hu\/index.php\/wp-json\/wp\/v2\/media?parent=100013"}],"wp:term":[{"taxonomy":"category","embeddable":true,"href":"https:\/\/gazdasagportal.hu\/index.php\/wp-json\/wp\/v2\/categories?post=100013"},{"taxonomy":"post_tag","embeddable":true,"href":"https:\/\/gazdasagportal.hu\/index.php\/wp-json\/wp\/v2\/tags?post=100013"}],"curies":[{"name":"wp","href":"https:\/\/api.w.org\/{rel}","templated":true}]}}