{"id":100009,"date":"2017-11-15T14:13:01","date_gmt":"2017-11-15T13:13:01","guid":{"rendered":"http:\/\/gazdasagportal.hu\/?p=100009"},"modified":"2017-11-15T14:13:01","modified_gmt":"2017-11-15T13:13:01","slug":"18-alkalommal-adtak-at-az-uzleti-etikai-dijakat","status":"publish","type":"post","link":"https:\/\/gazdasagportal.hu\/index.php\/18-alkalommal-adtak-at-az-uzleti-etikai-dijakat\/","title":{"rendered":"18. alkalommal adt\u00e1k \u00e1t az \u00dczleti Etikai D\u00edjakat"},"content":{"rendered":"<p><strong>Imm\u00e1r 82 c\u00e9g viselheti az \u00fczleti etikus v\u00e1llalat jelz\u0151t Magyarorsz\u00e1gon. Az alap\u00edt\u00f3k tizennyolcadik alkalommal \u00edt\u00e9lt\u00e9k oda a d\u00edjakat az etikus jelz\u0151 visel\u00e9s\u00e9re \u00e9rdemes kis-\u00a0 k\u00f6z\u00e9p \u00e9s nagyv\u00e1llalatoknak, illetve multinacion\u00e1lis v\u00e1llalatoknak. <\/strong><!--more--><\/p>\n<div class=\"ads-in-post1\"><div id=\"gazdasagportal.hu_fullbanner_wideboard\"><\/div>\r\n<\/div>\n<p><strong>Az \u00dczleti Etikai D\u00edj 2000 \u00f3ta, imm\u00e1r 18. \u00e9ve kiemelked\u0151 szerepet t\u00f6lt be az \u00fczleti \u00e9letben tisztess\u00e9gesen, felel\u0151sen m\u0171k\u00f6d\u0151 c\u00e9gek elismer\u00e9s\u00e9ben. Az idei megm\u00e9rettet\u00e9sen \u00fajabb 10 magyarorsz\u00e1gi bejegyz\u00e9s\u0171 c\u00e9ggel b\u0151v\u00fclt a k\u00f6r. <\/strong><\/p>\n<p>Az \u00dczleti Etikai D\u00edj 2000 \u00f3ta az \u00fczleti \u00e9let rangos elismer\u00e9s\u00e9v\u00e9 v\u00e1lt. A d\u00edjat <em>L\u00e1szl\u00f3 Ervin<\/em> professzor, a Budapest Klub Alap\u00edtv\u00e1ny eln\u00f6ke \u00e9s <em>Demcs\u00e1k M\u00e1ria<\/em>, a Piac &amp; Profit \u00fczleti magazin alap\u00edt\u00f3 f\u0151szerkeszt\u0151je azzal a sz\u00e1nd\u00e9kkal hozta l\u00e9tre, hogy minden \u00e9vben a magyar t\u00e1rsadalom figyelm\u00e9nek k\u00f6z\u00e9ppontj\u00e1ba ker\u00fcljenek azok a hazai v\u00e1llalkoz\u00e1sok, amelyek tev\u00e9kenys\u00e9g\u00fckkel, magatart\u00e1sukkal p\u00e9ld\u00e1t mutatnak a felel\u0151s, etikus gazd\u00e1lkod\u00e1sban, \u00fczleti jelenl\u00e9tben, \u00e9s er\u0151s\u00edtik a t\u00e1rsadalom \u00e9s az \u00fczleti szf\u00e9ra k\u00f6z\u00f6tti bizalmat.<\/p><div id=\"gazda-638279455\" class=\"gazda-tartalomban gazda-entity-placement\"><script async src=\"https:\/\/pagead2.googlesyndication.com\/pagead\/js\/adsbygoogle.js\"><\/script>\r\n<ins class=\"adsbygoogle\"\r\n     style=\"display:block\"\r\n     data-ad-format=\"fluid\"\r\n     data-ad-layout-key=\"-6t+ed+2i-1n-4w\"\r\n     data-ad-client=\"ca-pub-1959107119989764\"\r\n     data-ad-slot=\"4008251320\"><\/ins>\r\n<script>\r\n     (adsbygoogle = window.adsbygoogle || []).push({});\r\n<\/script><\/div>\n<p>Az alap\u00edt\u00e1s \u00f3ta eltelt 18 \u00e9vben a d\u00edj preszt\u00edzse folyamatosan n\u0151tt, ami azt is jelzi, hogy a tudatoss\u00e1g, a t\u00e1rsadalmi elk\u00f6telezetts\u00e9g \u00e9s az \u00e9lhet\u0151, fenntarthat\u00f3 vil\u00e1g fennmarad\u00e1sa ir\u00e1nti felel\u0151ss\u00e9g egyre hangs\u00falyosabban szerepel a hazai v\u00e1llalatok \u00e9rt\u00e9krendj\u00e9ben.<\/p>\n<p>Id\u00e9n a gazdas\u00e1gi szervezetek, kamar\u00e1k \u00e9s egy\u00e9ni jel\u00f6l\u00e9sek eredm\u00e9nyek\u00e9ppen 42 c\u00e9g adott be \u00e9rt\u00e9kelhet\u0151 p\u00e1ly\u00e1zatot. Az eddigi d\u00edjazott c\u00e9gek vezet\u0151ib\u0151l \u00e1ll\u00f3 zs\u0171ritag k\u00f6z\u00fcl 27-en adt\u00e1k le pontsz\u00e1maikat.<br \/>\n<div class=\"ads-in-post2\"><script async src=\"https:\/\/pagead2.googlesyndication.com\/pagead\/js\/adsbygoogle.js\"><\/script>\r\n<ins class=\"adsbygoogle\"\r\n     style=\"display:block\"\r\n     data-ad-format=\"fluid\"\r\n     data-ad-layout-key=\"-6t+ed+2i-1n-4w\"\r\n     data-ad-client=\"ca-pub-1959107119989764\"\r\n     data-ad-slot=\"4008251320\"><\/ins>\r\n<script>\r\n     (adsbygoogle = window.adsbygoogle || []).push({});\r\n<\/script><\/div>\n<p>2017-ben a zs\u0171ri 3 kisv\u00e1llalatnak, 4 k\u00f6z\u00e9pv\u00e1llalatnak, 2 nagyv\u00e1llalatnak \u00e9s 1 multinacion\u00e1lis v\u00e1llalatnak adja \u00e1t az elismer\u00e9st.<\/p>\n<p><strong>Az \u00dczleti Etikai D\u00edj nyertesei 2017-ben<\/strong><\/p>\n<p><em>\u00a0<\/em><\/p>\n<p><em>Kisv\u00e1llalat kateg\u00f3ria<\/em><\/p>\n<p><strong>Digit\u00e1ltechnika Kft. \u00a0\u00a0\u00a0\u00a0\u00a0\u00a0\u00a0\u00a0\u00a0\u00a0\u00a0\u00a0\u00a0\u00a0\u00a0\u00a0\u00a0\u00a0\u00a0\u00a0\u00a0\u00a0\u00a0\u00a0\u00a0\u00a0\u00a0\u00a0\u00a0\u00a0\u00a0\u00a0\u00a0\u00a0\u00a0\u00a0\u00a0\u00a0\u00a0\u00a0\u00a0\u00a0\u00a0\u00a0\u00a0\u00a0\u00a0\u00a0\u00a0\u00a0\u00a0 <\/strong><\/p>\n<p><strong>Hunyadi Kft. \u00a0\u00a0\u00a0\u00a0\u00a0\u00a0\u00a0\u00a0\u00a0\u00a0\u00a0\u00a0\u00a0\u00a0\u00a0\u00a0\u00a0\u00a0\u00a0\u00a0\u00a0\u00a0\u00a0\u00a0\u00a0\u00a0\u00a0\u00a0\u00a0\u00a0\u00a0\u00a0\u00a0\u00a0\u00a0\u00a0\u00a0\u00a0\u00a0\u00a0\u00a0\u00a0\u00a0\u00a0\u00a0\u00a0\u00a0\u00a0\u00a0\u00a0\u00a0\u00a0\u00a0\u00a0\u00a0\u00a0\u00a0\u00a0\u00a0\u00a0\u00a0\u00a0\u00a0 <\/strong><\/p>\n<p><strong>Unisignal Kft.\u00a0\u00a0\u00a0\u00a0 \u00a0\u00a0\u00a0\u00a0\u00a0\u00a0\u00a0\u00a0\u00a0\u00a0\u00a0\u00a0\u00a0\u00a0\u00a0\u00a0\u00a0\u00a0\u00a0\u00a0\u00a0\u00a0\u00a0\u00a0\u00a0\u00a0\u00a0\u00a0\u00a0\u00a0\u00a0\u00a0\u00a0\u00a0\u00a0\u00a0\u00a0\u00a0\u00a0\u00a0\u00a0\u00a0\u00a0\u00a0\u00a0\u00a0\u00a0\u00a0\u00a0\u00a0\u00a0\u00a0\u00a0\u00a0\u00a0\u00a0\u00a0 <\/strong><\/p>\n<p><strong>\u00a0<\/strong><\/p>\n<p><em>K\u00f6z\u00e9pv\u00e1llalat kateg\u00f3ria<\/em><\/p>\n<p><strong>Young Kft.<\/strong><br \/>\n<strong>S\u00e1rv\u00e1ri Gy\u00f3gyf\u00fcrd\u0151 Kft.<\/strong><br \/>\n<strong>Macher Zrt.<\/strong><br \/>\n<strong>Gelbert Eco Print Kft.<\/strong><\/p>\n<p><strong>\u00a0<\/strong><\/p>\n<p><em>Nagyv\u00e1llalat kateg\u00f3ria<\/em><\/p>\n<p><strong>Merkbau Kft.\u00a0\u00a0\u00a0\u00a0\u00a0\u00a0\u00a0\u00a0\u00a0\u00a0\u00a0\u00a0\u00a0\u00a0\u00a0\u00a0\u00a0\u00a0\u00a0\u00a0\u00a0\u00a0 <\/strong><\/p>\n<p><strong>Tisza Automotive Kft.\u00a0\u00a0\u00a0\u00a0\u00a0\u00a0\u00a0\u00a0\u00a0\u00a0\u00a0\u00a0\u00a0\u00a0\u00a0\u00a0\u00a0\u00a0\u00a0\u00a0 <\/strong><\/p>\n<p><em>\u00a0<\/em><\/p>\n<p><em>Multinacion\u00e1lis v\u00e1llalat kateg\u00f3ria<\/em><\/p>\n<p><strong>FAG Magyarorsz\u00e1g Ipari Kft.\u00a0\u00a0\u00a0\u00a0\u00a0\u00a0 <\/strong><\/p>\n<p>&nbsp;<\/p>\n<p>B\u0151vebb inform\u00e1ci\u00f3k a nyertes c\u00e9gekr\u0151l: <a href=\"http:\/\/www.piacesprofit.hu\/klimablog\/felelos_vallalatok\/18-alkalommal-adtuk-at-az-uzleti-etikai-dijakat\/\" target=\"_blank\" rel=\"noopener\">http:\/\/www.piacesprofit.hu\/klimablog\/felelos_vallalatok\/18-alkalommal-adtuk-at-az-uzleti-etikai-dijakat\/<\/a><\/p>\n<p>&nbsp;<\/p>\n<p>&nbsp;<\/p>\n<p><strong><em>Az \u00dczleti Etikai D\u00edjat minden \u00e9vben a Piac &amp; Profit szervezi<\/em><\/strong>.<\/p>\n","protected":false},"excerpt":{"rendered":"<p>Imm\u00e1r 82 c\u00e9g viselheti az \u00fczleti etikus v\u00e1llalat jelz\u0151t Magyarorsz\u00e1gon. Az alap\u00edt\u00f3k tizennyolcadik alkalommal \u00edt\u00e9lt\u00e9k oda a d\u00edjakat az etikus jelz\u0151 visel\u00e9s\u00e9re \u00e9rdemes kis-\u00a0 k\u00f6z\u00e9p \u00e9s nagyv\u00e1llalatoknak, illetve multinacion\u00e1lis v\u00e1llalatoknak.<\/p>\n","protected":false},"author":1,"featured_media":0,"comment_status":"closed","ping_status":"open","sticky":false,"template":"","format":"standard","meta":[],"categories":[19],"tags":[],"_links":{"self":[{"href":"https:\/\/gazdasagportal.hu\/index.php\/wp-json\/wp\/v2\/posts\/100009"}],"collection":[{"href":"https:\/\/gazdasagportal.hu\/index.php\/wp-json\/wp\/v2\/posts"}],"about":[{"href":"https:\/\/gazdasagportal.hu\/index.php\/wp-json\/wp\/v2\/types\/post"}],"author":[{"embeddable":true,"href":"https:\/\/gazdasagportal.hu\/index.php\/wp-json\/wp\/v2\/users\/1"}],"replies":[{"embeddable":true,"href":"https:\/\/gazdasagportal.hu\/index.php\/wp-json\/wp\/v2\/comments?post=100009"}],"version-history":[{"count":1,"href":"https:\/\/gazdasagportal.hu\/index.php\/wp-json\/wp\/v2\/posts\/100009\/revisions"}],"predecessor-version":[{"id":100010,"href":"https:\/\/gazdasagportal.hu\/index.php\/wp-json\/wp\/v2\/posts\/100009\/revisions\/100010"}],"wp:attachment":[{"href":"https:\/\/gazdasagportal.hu\/index.php\/wp-json\/wp\/v2\/media?parent=100009"}],"wp:term":[{"taxonomy":"category","embeddable":true,"href":"https:\/\/gazdasagportal.hu\/index.php\/wp-json\/wp\/v2\/categories?post=100009"},{"taxonomy":"post_tag","embeddable":true,"href":"https:\/\/gazdasagportal.hu\/index.php\/wp-json\/wp\/v2\/tags?post=100009"}],"curies":[{"name":"wp","href":"https:\/\/api.w.org\/{rel}","templated":true}]}}